{"id":23248,"date":"2025-01-07T10:43:53","date_gmt":"2025-01-07T10:43:53","guid":{"rendered":"https:\/\/trayectoriadeportiva.com\/index.php\/2025\/01\/07\/el-barca-presenta-la-cautelarisima-ante-el-csd-por-dani-olmo-y-pau-victor\/"},"modified":"2025-01-07T10:43:53","modified_gmt":"2025-01-07T10:43:53","slug":"el-barca-presenta-la-cautelarisima-ante-el-csd-por-dani-olmo-y-pau-victor","status":"publish","type":"post","link":"https:\/\/trayectoriadeportiva.com\/index.php\/2025\/01\/07\/el-barca-presenta-la-cautelarisima-ante-el-csd-por-dani-olmo-y-pau-victor\/","title":{"rendered":"El Bar\u00e7a presenta la cautelar\u00edsima ante el CSD por Dani Olmo y Pau V\u00edctor"},"content":{"rendered":"<p>El Bar\u00e7a ha solicitado formalmente este martes la cautelar\u00edsima ante el Consejo Superior de Deportes (CSD) para lograr que Dani Olmo y Pau V\u00edctor puedan ser inscritos. Se ha hecho hoy puesto que es el primer d\u00eda h\u00e1bil para hacerlo. Al tratarse de una cautelar\u00edsima, el organismo dependiente del Ministerio de Educaci\u00f3n, Formaci\u00f3n Profesional y Deportes deber\u00e1 tramitarla por la v\u00eda de urgencia, pero su intenci\u00f3n es pedir alegaciones a LaLiga y la Federaci\u00f3n. Esto puede ralentizar su resoluci\u00f3n.<\/p>\n<p><a href=\"https:\/\/www.lavanguardia.com\/deportes\/fc-barcelona\/20250107\/10261201\/barca-presenta-cautelarisima-csd-dani-olmo-pau-victor.html\">Seguir leyendo&#8230;<\/a><\/p>","protected":false},"excerpt":{"rendered":"<p>El Bar\u00e7a ha solicitado formalmente este martes la cautelar\u00edsima ante el Consejo Superior de Deportes (CSD) para lograr que Dani Olmo y Pau V\u00edctor puedan ser inscritos. Se ha hecho hoy puesto que es el primer d\u00eda h\u00e1bil para hacerlo. Al tratarse de una cautelar\u00edsima, el organismo dependiente del Ministerio de Educaci\u00f3n, Formaci\u00f3n Profesional y [&hellip;]<\/p>\n","protected":false},"author":0,"featured_media":23249,"comment_status":"","ping_status":"","sticky":false,"template":"","format":"standard","meta":{"_et_pb_use_builder":"","_et_pb_old_content":"","_et_gb_content_width":"","footnotes":""},"categories":[1],"tags":[],"class_list":["post-23248","post","type-post","status-publish","format-standard","has-post-thumbnail","hentry","category-blog","et-has-post-format-content","et_post_format-et-post-format-standard"],"_links":{"self":[{"href":"https:\/\/trayectoriadeportiva.com\/index.php\/wp-json\/wp\/v2\/posts\/23248","targetHints":{"allow":["GET"]}}],"collection":[{"href":"https:\/\/trayectoriadeportiva.com\/index.php\/wp-json\/wp\/v2\/posts"}],"about":[{"href":"https:\/\/trayectoriadeportiva.com\/index.php\/wp-json\/wp\/v2\/types\/post"}],"replies":[{"embeddable":true,"href":"https:\/\/trayectoriadeportiva.com\/index.php\/wp-json\/wp\/v2\/comments?post=23248"}],"version-history":[{"count":0,"href":"https:\/\/trayectoriadeportiva.com\/index.php\/wp-json\/wp\/v2\/posts\/23248\/revisions"}],"wp:featuredmedia":[{"embeddable":true,"href":"https:\/\/trayectoriadeportiva.com\/index.php\/wp-json\/wp\/v2\/media\/23249"}],"wp:attachment":[{"href":"https:\/\/trayectoriadeportiva.com\/index.php\/wp-json\/wp\/v2\/media?parent=23248"}],"wp:term":[{"taxonomy":"category","embeddable":true,"href":"https:\/\/trayectoriadeportiva.com\/index.php\/wp-json\/wp\/v2\/categories?post=23248"},{"taxonomy":"post_tag","embeddable":true,"href":"https:\/\/trayectoriadeportiva.com\/index.php\/wp-json\/wp\/v2\/tags?post=23248"}],"curies":[{"name":"wp","href":"https:\/\/api.w.org\/{rel}","templated":true}]}}