{"id":23266,"date":"2025-01-08T04:00:00","date_gmt":"2025-01-08T04:00:00","guid":{"rendered":"https:\/\/trayectoriadeportiva.com\/index.php\/2025\/01\/08\/salid-y-esperad-el-barca-busca-la-final-de-la-supercopa-pendiente-de-dani-olmo\/"},"modified":"2025-01-08T04:00:00","modified_gmt":"2025-01-08T04:00:00","slug":"salid-y-esperad-el-barca-busca-la-final-de-la-supercopa-pendiente-de-dani-olmo","status":"publish","type":"post","link":"https:\/\/trayectoriadeportiva.com\/index.php\/2025\/01\/08\/salid-y-esperad-el-barca-busca-la-final-de-la-supercopa-pendiente-de-dani-olmo\/","title":{"rendered":"Salid y esperad: el Bar\u00e7a busca la final de la Supercopa pendiente de Dani Olmo"},"content":{"rendered":"<p>Tambores de guerra. Anda el barcelonismo revuelto. Muchos a\u00f1os despu\u00e9s vuelve a sobrevolar la palabra \u201cdimisi\u00f3n\u201d por el siempre indescifrable entorno. Y esta vez con Joan Laporta como destinatario. Que Dani Olmo y Pau V\u00edctor no tengan licencia para hacer su trabajo parece haber sido la gota que ha colmado el vaso. Y el bal\u00f3n, siempre \u00e9l, aparece como el mejor ant\u00eddoto, aunque esta vez parece que su alivio s\u00f3lo ser\u00eda pasajero. Como un oasis en un desierto. Como la Supercopa de Espa\u00f1a para un Bar\u00e7a en el que se multiplican los incendios y que sigue pendiente de la resoluci\u00f3n de los juristas.<a href=\"https:\/\/www.lavanguardia.com\/deportes\/fc-barcelona\/20250107\/10261201\/barca-presenta-cautelarisima-csd-dani-olmo-pau-victor.html\" title=\"El Bar\u00e7a presenta la cautelar\u00edsima ante el CSD por Dani Olmo y Pau V\u00edctor\"> Esta vez toca el CSD, que debe decidir sobre la petici\u00f3n de cautelar\u00edsima<\/a> presentada este martes por la ma\u00f1ana a la desesperada por los azulgrana. \u201cQuiz\u00e1s es una oportunidad para que el equipo se una a\u00fan m\u00e1s\u201d,  <a href=\"https:\/\/www.lavanguardia.com\/deportes\/fc-barcelona\/20250107\/10262073\/raphinha-flick-fc-barcelona-supercopa-de-espana.html\" title=\"Raphinha: \u201cViendo la situaci\u00f3n de Olmo, si estuviera en otro club me pensar\u00eda si fichar por el Bar\u00e7a\u201d\">espetaba Flick<\/a>, intentando ocultar su malestar con un toque de optimismo.<\/p>\n<p><a href=\"https:\/\/www.lavanguardia.com\/deportes\/fc-barcelona\/20250108\/10263216\/athletic-barca-supercopa-semifinal-raphinha-dani-olmo.html\">Seguir leyendo&#8230;<\/a><\/p>","protected":false},"excerpt":{"rendered":"<p>Tambores de guerra. Anda el barcelonismo revuelto. Muchos a\u00f1os despu\u00e9s vuelve a sobrevolar la palabra \u201cdimisi\u00f3n\u201d por el siempre indescifrable entorno. Y esta vez con Joan Laporta como destinatario. Que Dani Olmo y Pau V\u00edctor no tengan licencia para hacer su trabajo parece haber sido la gota que ha colmado el vaso. Y el bal\u00f3n, [&hellip;]<\/p>\n","protected":false},"author":0,"featured_media":23267,"comment_status":"","ping_status":"","sticky":false,"template":"","format":"standard","meta":{"_et_pb_use_builder":"","_et_pb_old_content":"","_et_gb_content_width":"","footnotes":""},"categories":[1],"tags":[],"class_list":["post-23266","post","type-post","status-publish","format-standard","has-post-thumbnail","hentry","category-blog","et-has-post-format-content","et_post_format-et-post-format-standard"],"_links":{"self":[{"href":"https:\/\/trayectoriadeportiva.com\/index.php\/wp-json\/wp\/v2\/posts\/23266","targetHints":{"allow":["GET"]}}],"collection":[{"href":"https:\/\/trayectoriadeportiva.com\/index.php\/wp-json\/wp\/v2\/posts"}],"about":[{"href":"https:\/\/trayectoriadeportiva.com\/index.php\/wp-json\/wp\/v2\/types\/post"}],"replies":[{"embeddable":true,"href":"https:\/\/trayectoriadeportiva.com\/index.php\/wp-json\/wp\/v2\/comments?post=23266"}],"version-history":[{"count":0,"href":"https:\/\/trayectoriadeportiva.com\/index.php\/wp-json\/wp\/v2\/posts\/23266\/revisions"}],"wp:featuredmedia":[{"embeddable":true,"href":"https:\/\/trayectoriadeportiva.com\/index.php\/wp-json\/wp\/v2\/media\/23267"}],"wp:attachment":[{"href":"https:\/\/trayectoriadeportiva.com\/index.php\/wp-json\/wp\/v2\/media?parent=23266"}],"wp:term":[{"taxonomy":"category","embeddable":true,"href":"https:\/\/trayectoriadeportiva.com\/index.php\/wp-json\/wp\/v2\/categories?post=23266"},{"taxonomy":"post_tag","embeddable":true,"href":"https:\/\/trayectoriadeportiva.com\/index.php\/wp-json\/wp\/v2\/tags?post=23266"}],"curies":[{"name":"wp","href":"https:\/\/api.w.org\/{rel}","templated":true}]}}