{"id":23460,"date":"2025-01-12T05:00:00","date_gmt":"2025-01-12T05:00:00","guid":{"rendered":"https:\/\/trayectoriadeportiva.com\/index.php\/2025\/01\/12\/sandra-gomez-el-07-resiste\/"},"modified":"2025-01-12T05:00:00","modified_gmt":"2025-01-12T05:00:00","slug":"sandra-gomez-el-07-resiste","status":"publish","type":"post","link":"https:\/\/trayectoriadeportiva.com\/index.php\/2025\/01\/12\/sandra-gomez-el-07-resiste\/","title":{"rendered":"Sandra G\u00f3mez: el 0,7% resiste"},"content":{"rendered":"<p>Sandra G\u00f3mez Cantero (Cercedilla, Madrid, 1993), dorsal n\u00famero 100, es el 0,7%: la \u00ednfima cuota femenina en el Dakar en motos, la que representa la \u00fanica mujer entre los 134 inscritos. Y no lo est\u00e1 haciendo nada mal la \u00faltima mohicana: tras la sexta etapa (Ha\u2019il-Al Duwadimi, 605 km), que retomaba el rally despu\u00e9s de la jornada de descanso, G\u00f3mez es 48.\u00aa de la general absoluta. Es decir, que supera a 46 de los 94 supervivientes de las dos ruedas.<\/p>\n<p><a href=\"https:\/\/www.lavanguardia.com\/deportes\/20250112\/10275124\/rally-dakar-sandra-gomez-unica-mujer-categoria-motos-resiste-arabia-saudi-fantic.html\">Seguir leyendo&#8230;<\/a><\/p>","protected":false},"excerpt":{"rendered":"<p>Sandra G\u00f3mez Cantero (Cercedilla, Madrid, 1993), dorsal n\u00famero 100, es el 0,7%: la \u00ednfima cuota femenina en el Dakar en motos, la que representa la \u00fanica mujer entre los 134 inscritos. Y no lo est\u00e1 haciendo nada mal la \u00faltima mohicana: tras la sexta etapa (Ha\u2019il-Al Duwadimi, 605 km), que retomaba el rally despu\u00e9s de [&hellip;]<\/p>\n","protected":false},"author":0,"featured_media":23461,"comment_status":"","ping_status":"","sticky":false,"template":"","format":"standard","meta":{"_et_pb_use_builder":"","_et_pb_old_content":"","_et_gb_content_width":"","footnotes":""},"categories":[1],"tags":[],"class_list":["post-23460","post","type-post","status-publish","format-standard","has-post-thumbnail","hentry","category-blog","et-has-post-format-content","et_post_format-et-post-format-standard"],"_links":{"self":[{"href":"https:\/\/trayectoriadeportiva.com\/index.php\/wp-json\/wp\/v2\/posts\/23460","targetHints":{"allow":["GET"]}}],"collection":[{"href":"https:\/\/trayectoriadeportiva.com\/index.php\/wp-json\/wp\/v2\/posts"}],"about":[{"href":"https:\/\/trayectoriadeportiva.com\/index.php\/wp-json\/wp\/v2\/types\/post"}],"replies":[{"embeddable":true,"href":"https:\/\/trayectoriadeportiva.com\/index.php\/wp-json\/wp\/v2\/comments?post=23460"}],"version-history":[{"count":0,"href":"https:\/\/trayectoriadeportiva.com\/index.php\/wp-json\/wp\/v2\/posts\/23460\/revisions"}],"wp:featuredmedia":[{"embeddable":true,"href":"https:\/\/trayectoriadeportiva.com\/index.php\/wp-json\/wp\/v2\/media\/23461"}],"wp:attachment":[{"href":"https:\/\/trayectoriadeportiva.com\/index.php\/wp-json\/wp\/v2\/media?parent=23460"}],"wp:term":[{"taxonomy":"category","embeddable":true,"href":"https:\/\/trayectoriadeportiva.com\/index.php\/wp-json\/wp\/v2\/categories?post=23460"},{"taxonomy":"post_tag","embeddable":true,"href":"https:\/\/trayectoriadeportiva.com\/index.php\/wp-json\/wp\/v2\/tags?post=23460"}],"curies":[{"name":"wp","href":"https:\/\/api.w.org\/{rel}","templated":true}]}}