{"id":23524,"date":"2025-01-12T23:28:50","date_gmt":"2025-01-12T23:28:50","guid":{"rendered":"https:\/\/trayectoriadeportiva.com\/index.php\/2025\/01\/12\/araujo-y-los-cambios-de-flick\/"},"modified":"2025-01-12T23:28:50","modified_gmt":"2025-01-12T23:28:50","slug":"araujo-y-los-cambios-de-flick","status":"publish","type":"post","link":"https:\/\/trayectoriadeportiva.com\/index.php\/2025\/01\/12\/araujo-y-los-cambios-de-flick\/","title":{"rendered":"Ara\u00fajo y los cambios de Flick"},"content":{"rendered":"<p>La lesi\u00f3n de I\u00f1igo provoc\u00f3 la entrada de Ara\u00fajo. Algo que supuso que Cubars\u00ed cambiara a la izquierda para que el uruguayo jugara en su perfil bueno (derecho). Y complet\u00f3 un partido notable: tres despejes, dos bloqueos defensivos y 20 de 22 en pases. Pero no solo estuvo bien en el plan de partido Flick, sino tambi\u00e9n en los cambios. En primer lugar, porque estuvo r\u00e1pido aprovechando el momento de la expulsi\u00f3n para intervenir tambi\u00e9n en lo t\u00e1ctico, y luego, porque su decisi\u00f3n de pasar a un 4-4-1 con Raphinha en la derecha (Ferran despu\u00e9s) y Olmo en la izquierda fue clave para superar la inferioridad num\u00e9rica con mucha comodidad.<\/p>\n<p><a href=\"https:\/\/www.lavanguardia.com\/deportes\/20250113\/10276885\/araujo-cambios-flick.html\">Seguir leyendo&#8230;<\/a><\/p>","protected":false},"excerpt":{"rendered":"<p>La lesi\u00f3n de I\u00f1igo provoc\u00f3 la entrada de Ara\u00fajo. Algo que supuso que Cubars\u00ed cambiara a la izquierda para que el uruguayo jugara en su perfil bueno (derecho). Y complet\u00f3 un partido notable: tres despejes, dos bloqueos defensivos y 20 de 22 en pases. Pero no solo estuvo bien en el plan de partido Flick, [&hellip;]<\/p>\n","protected":false},"author":0,"featured_media":23525,"comment_status":"","ping_status":"","sticky":false,"template":"","format":"standard","meta":{"_et_pb_use_builder":"","_et_pb_old_content":"","_et_gb_content_width":"","footnotes":""},"categories":[1],"tags":[],"class_list":["post-23524","post","type-post","status-publish","format-standard","has-post-thumbnail","hentry","category-blog","et-has-post-format-content","et_post_format-et-post-format-standard"],"_links":{"self":[{"href":"https:\/\/trayectoriadeportiva.com\/index.php\/wp-json\/wp\/v2\/posts\/23524","targetHints":{"allow":["GET"]}}],"collection":[{"href":"https:\/\/trayectoriadeportiva.com\/index.php\/wp-json\/wp\/v2\/posts"}],"about":[{"href":"https:\/\/trayectoriadeportiva.com\/index.php\/wp-json\/wp\/v2\/types\/post"}],"replies":[{"embeddable":true,"href":"https:\/\/trayectoriadeportiva.com\/index.php\/wp-json\/wp\/v2\/comments?post=23524"}],"version-history":[{"count":0,"href":"https:\/\/trayectoriadeportiva.com\/index.php\/wp-json\/wp\/v2\/posts\/23524\/revisions"}],"wp:featuredmedia":[{"embeddable":true,"href":"https:\/\/trayectoriadeportiva.com\/index.php\/wp-json\/wp\/v2\/media\/23525"}],"wp:attachment":[{"href":"https:\/\/trayectoriadeportiva.com\/index.php\/wp-json\/wp\/v2\/media?parent=23524"}],"wp:term":[{"taxonomy":"category","embeddable":true,"href":"https:\/\/trayectoriadeportiva.com\/index.php\/wp-json\/wp\/v2\/categories?post=23524"},{"taxonomy":"post_tag","embeddable":true,"href":"https:\/\/trayectoriadeportiva.com\/index.php\/wp-json\/wp\/v2\/tags?post=23524"}],"curies":[{"name":"wp","href":"https:\/\/api.w.org\/{rel}","templated":true}]}}