{"id":23575,"date":"2025-01-14T10:33:51","date_gmt":"2025-01-14T10:33:51","guid":{"rendered":"https:\/\/trayectoriadeportiva.com\/index.php\/2025\/01\/14\/manual-de-populismo\/"},"modified":"2025-01-14T10:33:51","modified_gmt":"2025-01-14T10:33:51","slug":"manual-de-populismo","status":"publish","type":"post","link":"https:\/\/trayectoriadeportiva.com\/index.php\/2025\/01\/14\/manual-de-populismo\/","title":{"rendered":"Manual de populismo"},"content":{"rendered":"<p>Emocion\u00e1ndose al mejor estilo de Josep Llu\u00eds N\u00fa\u00f1ez, al que cada vez se parece m\u00e1s en algunas formas y discursos, mandando al caj\u00f3n y a buen recaudo cualquier atisbo de autocr\u00edtica y enarbolando la bandera del enemigo exterior como el culpable absoluto. En cualquier manual de populismo y de victimismo se encontrar\u00eda el discurso de este martes de Joan Laporta. Todos los sufrimientos del club para inscribir a Dani Olmo y Pau V\u00edctor han sido provocados por LaLiga, la Federaci\u00f3n, los medios de comunicaci\u00f3n, la oposici\u00f3n, los otros equipos y las fuerzas del mal que campan por el mundo. Seg\u00fan \u00e9l su junta directiva y el propio Joan Laporta no tienen ninguna responsabilidad en el hecho de que el centrocampista y el delantero no pudieran participar en los dos primeros partidos del a\u00f1o. Interpelado directamente por si no hab\u00eda hecho nada mal su respuesta fue clara: \u201cHemos hecho lo que ten\u00edamos que hacer, el club se tiene que gestionar as\u00ed\u201d. Solo le falt\u00f3 ponerse una medalla como hac\u00eda en los a\u00f1os 80 y los noventa el Magic Andreu.<\/p>\n<p><a href=\"https:\/\/www.lavanguardia.com\/deportes\/fc-barcelona\/20250114\/10281106\/manual-populismo.html\">Seguir leyendo&#8230;<\/a><\/p>","protected":false},"excerpt":{"rendered":"<p>Emocion\u00e1ndose al mejor estilo de Josep Llu\u00eds N\u00fa\u00f1ez, al que cada vez se parece m\u00e1s en algunas formas y discursos, mandando al caj\u00f3n y a buen recaudo cualquier atisbo de autocr\u00edtica y enarbolando la bandera del enemigo exterior como el culpable absoluto. En cualquier manual de populismo y de victimismo se encontrar\u00eda el discurso de [&hellip;]<\/p>\n","protected":false},"author":0,"featured_media":23576,"comment_status":"","ping_status":"","sticky":false,"template":"","format":"standard","meta":{"_et_pb_use_builder":"","_et_pb_old_content":"","_et_gb_content_width":"","footnotes":""},"categories":[1],"tags":[],"class_list":["post-23575","post","type-post","status-publish","format-standard","has-post-thumbnail","hentry","category-blog","et-has-post-format-content","et_post_format-et-post-format-standard"],"_links":{"self":[{"href":"https:\/\/trayectoriadeportiva.com\/index.php\/wp-json\/wp\/v2\/posts\/23575","targetHints":{"allow":["GET"]}}],"collection":[{"href":"https:\/\/trayectoriadeportiva.com\/index.php\/wp-json\/wp\/v2\/posts"}],"about":[{"href":"https:\/\/trayectoriadeportiva.com\/index.php\/wp-json\/wp\/v2\/types\/post"}],"replies":[{"embeddable":true,"href":"https:\/\/trayectoriadeportiva.com\/index.php\/wp-json\/wp\/v2\/comments?post=23575"}],"version-history":[{"count":0,"href":"https:\/\/trayectoriadeportiva.com\/index.php\/wp-json\/wp\/v2\/posts\/23575\/revisions"}],"wp:featuredmedia":[{"embeddable":true,"href":"https:\/\/trayectoriadeportiva.com\/index.php\/wp-json\/wp\/v2\/media\/23576"}],"wp:attachment":[{"href":"https:\/\/trayectoriadeportiva.com\/index.php\/wp-json\/wp\/v2\/media?parent=23575"}],"wp:term":[{"taxonomy":"category","embeddable":true,"href":"https:\/\/trayectoriadeportiva.com\/index.php\/wp-json\/wp\/v2\/categories?post=23575"},{"taxonomy":"post_tag","embeddable":true,"href":"https:\/\/trayectoriadeportiva.com\/index.php\/wp-json\/wp\/v2\/tags?post=23575"}],"curies":[{"name":"wp","href":"https:\/\/api.w.org\/{rel}","templated":true}]}}