{"id":23589,"date":"2025-01-14T12:53:58","date_gmt":"2025-01-14T12:53:58","guid":{"rendered":"https:\/\/trayectoriadeportiva.com\/index.php\/2025\/01\/14\/flick-hablo-con-deco-cada-dia-pero-estoy-contento-con-el-equipo-que-tengo\/"},"modified":"2025-01-14T12:53:58","modified_gmt":"2025-01-14T12:53:58","slug":"flick-hablo-con-deco-cada-dia-pero-estoy-contento-con-el-equipo-que-tengo","status":"publish","type":"post","link":"https:\/\/trayectoriadeportiva.com\/index.php\/2025\/01\/14\/flick-hablo-con-deco-cada-dia-pero-estoy-contento-con-el-equipo-que-tengo\/","title":{"rendered":"Flick: \u201cHablo con Deco cada d\u00eda, pero estoy contento con el equipo que tengo\u201d"},"content":{"rendered":"<p>Hansi Flick compra y acepta todas las explicaciones del presidente Joan Laporta acerca del caso Dani Olmo y Pau V\u00edctor. Se da por satisfecho porque sabe que podr\u00e1 contar con los dos futbolistas al menos de forma temporal hasta que el Consejo Superior de Deportes resuelva la cautelar. Al t\u00e9cnico alem\u00e1n no le importa el entorno ni lo que se comente. S\u00f3lo le interesa ahora lo que pueda gestionar en el terreno de juego con sus futbolistas.\u00a0<\/p>\n<p><a href=\"https:\/\/www.lavanguardia.com\/deportes\/fc-barcelona\/20250114\/10282061\/flick-hablo-deco-dia-contento-equipo-porteria-mercado-de-fichajes.html\">Seguir leyendo&#8230;<\/a><\/p>","protected":false},"excerpt":{"rendered":"<p>Hansi Flick compra y acepta todas las explicaciones del presidente Joan Laporta acerca del caso Dani Olmo y Pau V\u00edctor. Se da por satisfecho porque sabe que podr\u00e1 contar con los dos futbolistas al menos de forma temporal hasta que el Consejo Superior de Deportes resuelva la cautelar. Al t\u00e9cnico alem\u00e1n no le importa el [&hellip;]<\/p>\n","protected":false},"author":0,"featured_media":23590,"comment_status":"","ping_status":"","sticky":false,"template":"","format":"standard","meta":{"_et_pb_use_builder":"","_et_pb_old_content":"","_et_gb_content_width":"","footnotes":""},"categories":[1],"tags":[],"class_list":["post-23589","post","type-post","status-publish","format-standard","has-post-thumbnail","hentry","category-blog","et-has-post-format-content","et_post_format-et-post-format-standard"],"_links":{"self":[{"href":"https:\/\/trayectoriadeportiva.com\/index.php\/wp-json\/wp\/v2\/posts\/23589","targetHints":{"allow":["GET"]}}],"collection":[{"href":"https:\/\/trayectoriadeportiva.com\/index.php\/wp-json\/wp\/v2\/posts"}],"about":[{"href":"https:\/\/trayectoriadeportiva.com\/index.php\/wp-json\/wp\/v2\/types\/post"}],"replies":[{"embeddable":true,"href":"https:\/\/trayectoriadeportiva.com\/index.php\/wp-json\/wp\/v2\/comments?post=23589"}],"version-history":[{"count":0,"href":"https:\/\/trayectoriadeportiva.com\/index.php\/wp-json\/wp\/v2\/posts\/23589\/revisions"}],"wp:featuredmedia":[{"embeddable":true,"href":"https:\/\/trayectoriadeportiva.com\/index.php\/wp-json\/wp\/v2\/media\/23590"}],"wp:attachment":[{"href":"https:\/\/trayectoriadeportiva.com\/index.php\/wp-json\/wp\/v2\/media?parent=23589"}],"wp:term":[{"taxonomy":"category","embeddable":true,"href":"https:\/\/trayectoriadeportiva.com\/index.php\/wp-json\/wp\/v2\/categories?post=23589"},{"taxonomy":"post_tag","embeddable":true,"href":"https:\/\/trayectoriadeportiva.com\/index.php\/wp-json\/wp\/v2\/tags?post=23589"}],"curies":[{"name":"wp","href":"https:\/\/api.w.org\/{rel}","templated":true}]}}