{"id":23721,"date":"2025-01-17T05:00:00","date_gmt":"2025-01-17T05:00:00","guid":{"rendered":"https:\/\/trayectoriadeportiva.com\/index.php\/2025\/01\/17\/pedri-senala-el-camino-del-barca\/"},"modified":"2025-01-17T05:00:00","modified_gmt":"2025-01-17T05:00:00","slug":"pedri-senala-el-camino-del-barca","status":"publish","type":"post","link":"https:\/\/trayectoriadeportiva.com\/index.php\/2025\/01\/17\/pedri-senala-el-camino-del-barca\/","title":{"rendered":"Pedri se\u00f1ala el camino del Bar\u00e7a"},"content":{"rendered":"<p>Al ritmo de Pedri, el Bar\u00e7a cabalga. Si el canario manda, el equipo vuela. Si el centrocampista maneja el tim\u00f3n, el conjunto de Flick se despliega y se repliega. Pedri vuelve a ser el faro que ilumina el camino. Al trote o a la carrera, con pausa y aceleraci\u00f3n, al pie o al hueco, pero siempre con la cabeza arriba y las ideas claras. Sin los problemas f\u00edsicos que le llevaron de cr\u00e1neo durante tres temporadas, el futbolista ha podido recuperar el esplendor y sobre todo la regularidad con la que se present\u00f3 en la \u00e9lite en la campa\u00f1a 2020-2021. Entonces encaden\u00f3 39 partidos seguidos con el Bar\u00e7a. El mi\u00e9rcoles ante el Betis igual\u00f3 ese registro. Desde abril en el Parque de los Pr\u00edncipes hasta ahora.<\/p>\n<p><a href=\"https:\/\/www.lavanguardia.com\/deportes\/20250117\/10291555\/pedri-senala-camino.html\">Seguir leyendo&#8230;<\/a><\/p>","protected":false},"excerpt":{"rendered":"<p>Al ritmo de Pedri, el Bar\u00e7a cabalga. Si el canario manda, el equipo vuela. Si el centrocampista maneja el tim\u00f3n, el conjunto de Flick se despliega y se repliega. Pedri vuelve a ser el faro que ilumina el camino. Al trote o a la carrera, con pausa y aceleraci\u00f3n, al pie o al hueco, pero [&hellip;]<\/p>\n","protected":false},"author":0,"featured_media":23722,"comment_status":"","ping_status":"","sticky":false,"template":"","format":"standard","meta":{"_et_pb_use_builder":"","_et_pb_old_content":"","_et_gb_content_width":"","footnotes":""},"categories":[1],"tags":[],"class_list":["post-23721","post","type-post","status-publish","format-standard","has-post-thumbnail","hentry","category-blog","et-has-post-format-content","et_post_format-et-post-format-standard"],"_links":{"self":[{"href":"https:\/\/trayectoriadeportiva.com\/index.php\/wp-json\/wp\/v2\/posts\/23721","targetHints":{"allow":["GET"]}}],"collection":[{"href":"https:\/\/trayectoriadeportiva.com\/index.php\/wp-json\/wp\/v2\/posts"}],"about":[{"href":"https:\/\/trayectoriadeportiva.com\/index.php\/wp-json\/wp\/v2\/types\/post"}],"replies":[{"embeddable":true,"href":"https:\/\/trayectoriadeportiva.com\/index.php\/wp-json\/wp\/v2\/comments?post=23721"}],"version-history":[{"count":0,"href":"https:\/\/trayectoriadeportiva.com\/index.php\/wp-json\/wp\/v2\/posts\/23721\/revisions"}],"wp:featuredmedia":[{"embeddable":true,"href":"https:\/\/trayectoriadeportiva.com\/index.php\/wp-json\/wp\/v2\/media\/23722"}],"wp:attachment":[{"href":"https:\/\/trayectoriadeportiva.com\/index.php\/wp-json\/wp\/v2\/media?parent=23721"}],"wp:term":[{"taxonomy":"category","embeddable":true,"href":"https:\/\/trayectoriadeportiva.com\/index.php\/wp-json\/wp\/v2\/categories?post=23721"},{"taxonomy":"post_tag","embeddable":true,"href":"https:\/\/trayectoriadeportiva.com\/index.php\/wp-json\/wp\/v2\/tags?post=23721"}],"curies":[{"name":"wp","href":"https:\/\/api.w.org\/{rel}","templated":true}]}}