{"id":23747,"date":"2025-01-17T19:57:48","date_gmt":"2025-01-17T19:57:48","guid":{"rendered":"https:\/\/trayectoriadeportiva.com\/index.php\/2025\/01\/17\/el-barca-amplia-el-pase-de-temporada-de-montjuic-hasta-el-proximo-23-de-abril\/"},"modified":"2025-01-17T19:57:48","modified_gmt":"2025-01-17T19:57:48","slug":"el-barca-amplia-el-pase-de-temporada-de-montjuic-hasta-el-proximo-23-de-abril","status":"publish","type":"post","link":"https:\/\/trayectoriadeportiva.com\/index.php\/2025\/01\/17\/el-barca-amplia-el-pase-de-temporada-de-montjuic-hasta-el-proximo-23-de-abril\/","title":{"rendered":"El Bar\u00e7a ampl\u00eda el pase de temporada de Montju\u00efc hasta el pr\u00f3ximo 23 de abril"},"content":{"rendered":"<p>El FC Barcelona ha ampliado hasta el 23 de abril de 2025 el pase de temporada para presenciar los partidos del primer equipo en el Estadio Ol\u00edmpico Llu\u00eds Companys, seg\u00fan ha anunciado el club en un comunicado.<\/p>\n<p><a href=\"https:\/\/www.lavanguardia.com\/deportes\/fc-barcelona\/20250117\/10295503\/barca-amplia-pase-temporada-montjuic-proximo-23-abril.html\">Seguir leyendo&#8230;<\/a><\/p>","protected":false},"excerpt":{"rendered":"<p>El FC Barcelona ha ampliado hasta el 23 de abril de 2025 el pase de temporada para presenciar los partidos del primer equipo en el Estadio Ol\u00edmpico Llu\u00eds Companys, seg\u00fan ha anunciado el club en un comunicado. Seguir leyendo&#8230;<\/p>\n","protected":false},"author":0,"featured_media":23748,"comment_status":"","ping_status":"","sticky":false,"template":"","format":"standard","meta":{"_et_pb_use_builder":"","_et_pb_old_content":"","_et_gb_content_width":"","footnotes":""},"categories":[1],"tags":[],"class_list":["post-23747","post","type-post","status-publish","format-standard","has-post-thumbnail","hentry","category-blog","et-has-post-format-content","et_post_format-et-post-format-standard"],"_links":{"self":[{"href":"https:\/\/trayectoriadeportiva.com\/index.php\/wp-json\/wp\/v2\/posts\/23747","targetHints":{"allow":["GET"]}}],"collection":[{"href":"https:\/\/trayectoriadeportiva.com\/index.php\/wp-json\/wp\/v2\/posts"}],"about":[{"href":"https:\/\/trayectoriadeportiva.com\/index.php\/wp-json\/wp\/v2\/types\/post"}],"replies":[{"embeddable":true,"href":"https:\/\/trayectoriadeportiva.com\/index.php\/wp-json\/wp\/v2\/comments?post=23747"}],"version-history":[{"count":0,"href":"https:\/\/trayectoriadeportiva.com\/index.php\/wp-json\/wp\/v2\/posts\/23747\/revisions"}],"wp:featuredmedia":[{"embeddable":true,"href":"https:\/\/trayectoriadeportiva.com\/index.php\/wp-json\/wp\/v2\/media\/23748"}],"wp:attachment":[{"href":"https:\/\/trayectoriadeportiva.com\/index.php\/wp-json\/wp\/v2\/media?parent=23747"}],"wp:term":[{"taxonomy":"category","embeddable":true,"href":"https:\/\/trayectoriadeportiva.com\/index.php\/wp-json\/wp\/v2\/categories?post=23747"},{"taxonomy":"post_tag","embeddable":true,"href":"https:\/\/trayectoriadeportiva.com\/index.php\/wp-json\/wp\/v2\/tags?post=23747"}],"curies":[{"name":"wp","href":"https:\/\/api.w.org\/{rel}","templated":true}]}}