{"id":23763,"date":"2025-01-18T05:00:00","date_gmt":"2025-01-18T05:00:00","guid":{"rendered":"https:\/\/trayectoriadeportiva.com\/index.php\/2025\/01\/18\/las-reglas-del-pan-y-circo\/"},"modified":"2025-01-18T05:00:00","modified_gmt":"2025-01-18T05:00:00","slug":"las-reglas-del-pan-y-circo","status":"publish","type":"post","link":"https:\/\/trayectoriadeportiva.com\/index.php\/2025\/01\/18\/las-reglas-del-pan-y-circo\/","title":{"rendered":"Las reglas del pan y circo"},"content":{"rendered":"<p>Laportazo. Esta es la palabra que escogi\u00f3 Mundo Deportivo para ocupar toda su portada y explicar la rueda de prensa del pasado martes del m\u00e1ximo dirigente azulgrana. Remite el neologismo, a trav\u00e9s del sufijo -azo, al golpe brusco, repentino y contundente, tal y como sucede tambi\u00e9n en otros vocablos como cabezazo, martillazo o ca\u00f1onazo. Hay que reconocer que lo de Laportazo fue una elecci\u00f3n oportuna, pues el show fue no m\u00e1s que un h\u00e1bil ejercicio dial\u00e9ctico de brusquedad y contundencia.<\/p>\n<p><a href=\"https:\/\/www.lavanguardia.com\/deportes\/fc-barcelona\/20250118\/10295404\/reglas-pan-circo.html\">Seguir leyendo&#8230;<\/a><\/p>","protected":false},"excerpt":{"rendered":"<p>Laportazo. Esta es la palabra que escogi\u00f3 Mundo Deportivo para ocupar toda su portada y explicar la rueda de prensa del pasado martes del m\u00e1ximo dirigente azulgrana. Remite el neologismo, a trav\u00e9s del sufijo -azo, al golpe brusco, repentino y contundente, tal y como sucede tambi\u00e9n en otros vocablos como cabezazo, martillazo o ca\u00f1onazo. Hay [&hellip;]<\/p>\n","protected":false},"author":0,"featured_media":23764,"comment_status":"","ping_status":"","sticky":false,"template":"","format":"standard","meta":{"_et_pb_use_builder":"","_et_pb_old_content":"","_et_gb_content_width":"","footnotes":""},"categories":[1],"tags":[],"class_list":["post-23763","post","type-post","status-publish","format-standard","has-post-thumbnail","hentry","category-blog","et-has-post-format-content","et_post_format-et-post-format-standard"],"_links":{"self":[{"href":"https:\/\/trayectoriadeportiva.com\/index.php\/wp-json\/wp\/v2\/posts\/23763","targetHints":{"allow":["GET"]}}],"collection":[{"href":"https:\/\/trayectoriadeportiva.com\/index.php\/wp-json\/wp\/v2\/posts"}],"about":[{"href":"https:\/\/trayectoriadeportiva.com\/index.php\/wp-json\/wp\/v2\/types\/post"}],"replies":[{"embeddable":true,"href":"https:\/\/trayectoriadeportiva.com\/index.php\/wp-json\/wp\/v2\/comments?post=23763"}],"version-history":[{"count":0,"href":"https:\/\/trayectoriadeportiva.com\/index.php\/wp-json\/wp\/v2\/posts\/23763\/revisions"}],"wp:featuredmedia":[{"embeddable":true,"href":"https:\/\/trayectoriadeportiva.com\/index.php\/wp-json\/wp\/v2\/media\/23764"}],"wp:attachment":[{"href":"https:\/\/trayectoriadeportiva.com\/index.php\/wp-json\/wp\/v2\/media?parent=23763"}],"wp:term":[{"taxonomy":"category","embeddable":true,"href":"https:\/\/trayectoriadeportiva.com\/index.php\/wp-json\/wp\/v2\/categories?post=23763"},{"taxonomy":"post_tag","embeddable":true,"href":"https:\/\/trayectoriadeportiva.com\/index.php\/wp-json\/wp\/v2\/tags?post=23763"}],"curies":[{"name":"wp","href":"https:\/\/api.w.org\/{rel}","templated":true}]}}