{"id":23889,"date":"2025-01-20T05:39:42","date_gmt":"2025-01-20T05:39:42","guid":{"rendered":"https:\/\/trayectoriadeportiva.com\/index.php\/2025\/01\/20\/muere-joaquin-ramos-marcos-emblematico-exarbitro-de-primera-division\/"},"modified":"2025-01-20T05:39:42","modified_gmt":"2025-01-20T05:39:42","slug":"muere-joaquin-ramos-marcos-emblematico-exarbitro-de-primera-division","status":"publish","type":"post","link":"https:\/\/trayectoriadeportiva.com\/index.php\/2025\/01\/20\/muere-joaquin-ramos-marcos-emblematico-exarbitro-de-primera-division\/","title":{"rendered":"Muere Joaqu\u00edn Ramos Marcos, emblem\u00e1tico ex\u00e1rbitro de Primera Divisi\u00f3n"},"content":{"rendered":"<p>Ha muerto Joaqu\u00edn Ramos Marcos, uno de los \u00e1rbitros m\u00e1s conocidos de la historia del f\u00fatbol espa\u00f1ol. Ten\u00eda 78 a\u00f1os y en su \u00faltima \u00e9poca hab\u00eda sido colaborador de El Chiringuito, que es el programa que ha informado de su muerte este domingo. \u201cEste programa va para ti\u201d, ha dicho Josep Pedrerol.<\/p>\n<p><a href=\"https:\/\/www.lavanguardia.com\/deportes\/futbol\/20250120\/10299341\/muere-joaquin-ramos-marcos-emblematico-exarbitro-primera-division-asd-rac1.html\">Seguir leyendo&#8230;<\/a><\/p>","protected":false},"excerpt":{"rendered":"<p>Ha muerto Joaqu\u00edn Ramos Marcos, uno de los \u00e1rbitros m\u00e1s conocidos de la historia del f\u00fatbol espa\u00f1ol. Ten\u00eda 78 a\u00f1os y en su \u00faltima \u00e9poca hab\u00eda sido colaborador de El Chiringuito, que es el programa que ha informado de su muerte este domingo. \u201cEste programa va para ti\u201d, ha dicho Josep Pedrerol. Seguir leyendo&#8230;<\/p>\n","protected":false},"author":0,"featured_media":23890,"comment_status":"","ping_status":"","sticky":false,"template":"","format":"standard","meta":{"_et_pb_use_builder":"","_et_pb_old_content":"","_et_gb_content_width":"","footnotes":""},"categories":[1],"tags":[],"class_list":["post-23889","post","type-post","status-publish","format-standard","has-post-thumbnail","hentry","category-blog","et-has-post-format-content","et_post_format-et-post-format-standard"],"_links":{"self":[{"href":"https:\/\/trayectoriadeportiva.com\/index.php\/wp-json\/wp\/v2\/posts\/23889","targetHints":{"allow":["GET"]}}],"collection":[{"href":"https:\/\/trayectoriadeportiva.com\/index.php\/wp-json\/wp\/v2\/posts"}],"about":[{"href":"https:\/\/trayectoriadeportiva.com\/index.php\/wp-json\/wp\/v2\/types\/post"}],"replies":[{"embeddable":true,"href":"https:\/\/trayectoriadeportiva.com\/index.php\/wp-json\/wp\/v2\/comments?post=23889"}],"version-history":[{"count":0,"href":"https:\/\/trayectoriadeportiva.com\/index.php\/wp-json\/wp\/v2\/posts\/23889\/revisions"}],"wp:featuredmedia":[{"embeddable":true,"href":"https:\/\/trayectoriadeportiva.com\/index.php\/wp-json\/wp\/v2\/media\/23890"}],"wp:attachment":[{"href":"https:\/\/trayectoriadeportiva.com\/index.php\/wp-json\/wp\/v2\/media?parent=23889"}],"wp:term":[{"taxonomy":"category","embeddable":true,"href":"https:\/\/trayectoriadeportiva.com\/index.php\/wp-json\/wp\/v2\/categories?post=23889"},{"taxonomy":"post_tag","embeddable":true,"href":"https:\/\/trayectoriadeportiva.com\/index.php\/wp-json\/wp\/v2\/tags?post=23889"}],"curies":[{"name":"wp","href":"https:\/\/api.w.org\/{rel}","templated":true}]}}