{"id":23918,"date":"2025-01-20T18:24:38","date_gmt":"2025-01-20T18:24:38","guid":{"rendered":"https:\/\/trayectoriadeportiva.com\/index.php\/2025\/01\/20\/hansi-flick-para-ver-algunos-penaltis-no-hace-falta-el-var\/"},"modified":"2025-01-20T18:24:38","modified_gmt":"2025-01-20T18:24:38","slug":"hansi-flick-para-ver-algunos-penaltis-no-hace-falta-el-var","status":"publish","type":"post","link":"https:\/\/trayectoriadeportiva.com\/index.php\/2025\/01\/20\/hansi-flick-para-ver-algunos-penaltis-no-hace-falta-el-var\/","title":{"rendered":"Hansi Flick: \u201cPara ver algunos penaltis no hace falta el VAR\u201d"},"content":{"rendered":"<p>En Lisboa, en el Estadio da Luz del Benfica, Hansi Flick gan\u00f3 la Champions con el Bayern en el 2020. Tambi\u00e9n fue el mismo escenario en el que elimin\u00f3 a su ahora Bar\u00e7a en cuartos en un partido que los alemanes ganaron 8 a 2. El t\u00e9cnico alem\u00e1n se sent\u00f3 con una sonrisa en la sala de prensa. Se nota que la Champions es otra cosa. Es un oasis de calma en el que el Barcelona puede transitar tranquilo lejos de los oleajes de una Liga que se ha complicado de repente.<\/p>\n<p><a href=\"https:\/\/www.lavanguardia.com\/deportes\/fc-barcelona\/20250120\/10302379\/hansi-flick-ver-penaltis-falta-var.html\">Seguir leyendo&#8230;<\/a><\/p>","protected":false},"excerpt":{"rendered":"<p>En Lisboa, en el Estadio da Luz del Benfica, Hansi Flick gan\u00f3 la Champions con el Bayern en el 2020. Tambi\u00e9n fue el mismo escenario en el que elimin\u00f3 a su ahora Bar\u00e7a en cuartos en un partido que los alemanes ganaron 8 a 2. El t\u00e9cnico alem\u00e1n se sent\u00f3 con una sonrisa en la [&hellip;]<\/p>\n","protected":false},"author":0,"featured_media":23919,"comment_status":"","ping_status":"","sticky":false,"template":"","format":"standard","meta":{"_et_pb_use_builder":"","_et_pb_old_content":"","_et_gb_content_width":"","footnotes":""},"categories":[1],"tags":[],"class_list":["post-23918","post","type-post","status-publish","format-standard","has-post-thumbnail","hentry","category-blog","et-has-post-format-content","et_post_format-et-post-format-standard"],"_links":{"self":[{"href":"https:\/\/trayectoriadeportiva.com\/index.php\/wp-json\/wp\/v2\/posts\/23918","targetHints":{"allow":["GET"]}}],"collection":[{"href":"https:\/\/trayectoriadeportiva.com\/index.php\/wp-json\/wp\/v2\/posts"}],"about":[{"href":"https:\/\/trayectoriadeportiva.com\/index.php\/wp-json\/wp\/v2\/types\/post"}],"replies":[{"embeddable":true,"href":"https:\/\/trayectoriadeportiva.com\/index.php\/wp-json\/wp\/v2\/comments?post=23918"}],"version-history":[{"count":0,"href":"https:\/\/trayectoriadeportiva.com\/index.php\/wp-json\/wp\/v2\/posts\/23918\/revisions"}],"wp:featuredmedia":[{"embeddable":true,"href":"https:\/\/trayectoriadeportiva.com\/index.php\/wp-json\/wp\/v2\/media\/23919"}],"wp:attachment":[{"href":"https:\/\/trayectoriadeportiva.com\/index.php\/wp-json\/wp\/v2\/media?parent=23918"}],"wp:term":[{"taxonomy":"category","embeddable":true,"href":"https:\/\/trayectoriadeportiva.com\/index.php\/wp-json\/wp\/v2\/categories?post=23918"},{"taxonomy":"post_tag","embeddable":true,"href":"https:\/\/trayectoriadeportiva.com\/index.php\/wp-json\/wp\/v2\/tags?post=23918"}],"curies":[{"name":"wp","href":"https:\/\/api.w.org\/{rel}","templated":true}]}}