{"id":2392,"date":"2023-11-08T10:37:30","date_gmt":"2023-11-08T10:37:30","guid":{"rendered":"https:\/\/trayectoriadeportiva.com\/index.php\/2023\/11\/08\/haaland-ya-tiene-un-record-mas-a-su-nombre\/"},"modified":"2023-11-08T10:37:30","modified_gmt":"2023-11-08T10:37:30","slug":"haaland-ya-tiene-un-record-mas-a-su-nombre","status":"publish","type":"post","link":"https:\/\/trayectoriadeportiva.com\/index.php\/2023\/11\/08\/haaland-ya-tiene-un-record-mas-a-su-nombre\/","title":{"rendered":"Haaland ya tiene un r\u00e9cord m\u00e1s a su nombre"},"content":{"rendered":"<p>A Haaland no le para nadie. Ni las molestias f\u00edsicas. <a href=\"https:\/\/www.lavanguardia.com\/deportes\/futbol\/20231104\/9353393\/manchester-city-guardiola-golea-bournemouth-iraola-premier-league.html\" title=\"El City de Guardiola golea al Bournemouth de Iraola sin Haaland\">El delantero noruego era duda<\/a> para el encuentro de este martes que enfrent\u00f3 al Manchester City con el Young Boys en la fase de grupos de la Champions League, pero el \u2018cyborg\u2019 se encarg\u00f3 de disipar todas las incertidumbres posibles sobre el terreno de juego.\u00a0Doblete para \u00e9l y victoria del equipo de Pep Guardiola que supone asegurar el billete para los octavos de final en el m\u00e1ximo campeonato europeo (3-0).<\/p>\n<p><a href=\"https:\/\/www.lavanguardia.com\/deportes\/futbol\/20231108\/9361690\/haaland-record-manchester-city-champions.html\">Seguir leyendo&#8230;<\/a><\/p>","protected":false},"excerpt":{"rendered":"<p>A Haaland no le para nadie. Ni las molestias f\u00edsicas. El delantero noruego era duda para el encuentro de este martes que enfrent\u00f3 al Manchester City con el Young Boys en la fase de grupos de la Champions League, pero el \u2018cyborg\u2019 se encarg\u00f3 de disipar todas las incertidumbres posibles sobre el terreno de juego.\u00a0Doblete [&hellip;]<\/p>\n","protected":false},"author":0,"featured_media":2393,"comment_status":"","ping_status":"","sticky":false,"template":"","format":"standard","meta":{"_et_pb_use_builder":"","_et_pb_old_content":"","_et_gb_content_width":"","footnotes":""},"categories":[1],"tags":[],"class_list":["post-2392","post","type-post","status-publish","format-standard","has-post-thumbnail","hentry","category-blog","et-has-post-format-content","et_post_format-et-post-format-standard"],"_links":{"self":[{"href":"https:\/\/trayectoriadeportiva.com\/index.php\/wp-json\/wp\/v2\/posts\/2392","targetHints":{"allow":["GET"]}}],"collection":[{"href":"https:\/\/trayectoriadeportiva.com\/index.php\/wp-json\/wp\/v2\/posts"}],"about":[{"href":"https:\/\/trayectoriadeportiva.com\/index.php\/wp-json\/wp\/v2\/types\/post"}],"replies":[{"embeddable":true,"href":"https:\/\/trayectoriadeportiva.com\/index.php\/wp-json\/wp\/v2\/comments?post=2392"}],"version-history":[{"count":0,"href":"https:\/\/trayectoriadeportiva.com\/index.php\/wp-json\/wp\/v2\/posts\/2392\/revisions"}],"wp:featuredmedia":[{"embeddable":true,"href":"https:\/\/trayectoriadeportiva.com\/index.php\/wp-json\/wp\/v2\/media\/2393"}],"wp:attachment":[{"href":"https:\/\/trayectoriadeportiva.com\/index.php\/wp-json\/wp\/v2\/media?parent=2392"}],"wp:term":[{"taxonomy":"category","embeddable":true,"href":"https:\/\/trayectoriadeportiva.com\/index.php\/wp-json\/wp\/v2\/categories?post=2392"},{"taxonomy":"post_tag","embeddable":true,"href":"https:\/\/trayectoriadeportiva.com\/index.php\/wp-json\/wp\/v2\/tags?post=2392"}],"curies":[{"name":"wp","href":"https:\/\/api.w.org\/{rel}","templated":true}]}}