{"id":2394,"date":"2023-11-08T10:13:36","date_gmt":"2023-11-08T10:13:36","guid":{"rendered":"https:\/\/trayectoriadeportiva.com\/index.php\/2023\/11\/08\/alcaraz-primera-eleccion-de-borg-para-recuperar-la-laver-cup\/"},"modified":"2023-11-08T10:13:36","modified_gmt":"2023-11-08T10:13:36","slug":"alcaraz-primera-eleccion-de-borg-para-recuperar-la-laver-cup","status":"publish","type":"post","link":"https:\/\/trayectoriadeportiva.com\/index.php\/2023\/11\/08\/alcaraz-primera-eleccion-de-borg-para-recuperar-la-laver-cup\/","title":{"rendered":"Alcaraz, primera elecci\u00f3n de Borg para recuperar la Laver Cup"},"content":{"rendered":"<p>Carlos Alcaraz ha sido convocado este mi\u00e9rcoles por el capit\u00e1n del equipo europeo, el sueco Bjorn Borg, para disputar la Laver Cup de 2024, con el objetivo de devolver al viejo continente un trofeo que en las dos \u00faltimas ediciones gan\u00f3 el combinado &#8216;resto del mundo&#8217;.\u00a0Ser\u00e1 el estreno de Alcaraz en esta competici\u00f3n, de cuya organizaci\u00f3n es responsable el suizo Roger Federer, y que se jugar\u00e1 en Berl\u00edn del 22 al 24 de septiembre.<\/p>\n<p><a href=\"https:\/\/www.lavanguardia.com\/deportes\/tenis\/20231108\/9361756\/carlos-alcaraz-europa-laver-cup-2024.html\">Seguir leyendo&#8230;<\/a><\/p>","protected":false},"excerpt":{"rendered":"<p>Carlos Alcaraz ha sido convocado este mi\u00e9rcoles por el capit\u00e1n del equipo europeo, el sueco Bjorn Borg, para disputar la Laver Cup de 2024, con el objetivo de devolver al viejo continente un trofeo que en las dos \u00faltimas ediciones gan\u00f3 el combinado &#8216;resto del mundo&#8217;.\u00a0Ser\u00e1 el estreno de Alcaraz en esta competici\u00f3n, de cuya [&hellip;]<\/p>\n","protected":false},"author":0,"featured_media":2395,"comment_status":"","ping_status":"","sticky":false,"template":"","format":"standard","meta":{"_et_pb_use_builder":"","_et_pb_old_content":"","_et_gb_content_width":"","footnotes":""},"categories":[1],"tags":[],"class_list":["post-2394","post","type-post","status-publish","format-standard","has-post-thumbnail","hentry","category-blog","et-has-post-format-content","et_post_format-et-post-format-standard"],"_links":{"self":[{"href":"https:\/\/trayectoriadeportiva.com\/index.php\/wp-json\/wp\/v2\/posts\/2394","targetHints":{"allow":["GET"]}}],"collection":[{"href":"https:\/\/trayectoriadeportiva.com\/index.php\/wp-json\/wp\/v2\/posts"}],"about":[{"href":"https:\/\/trayectoriadeportiva.com\/index.php\/wp-json\/wp\/v2\/types\/post"}],"replies":[{"embeddable":true,"href":"https:\/\/trayectoriadeportiva.com\/index.php\/wp-json\/wp\/v2\/comments?post=2394"}],"version-history":[{"count":0,"href":"https:\/\/trayectoriadeportiva.com\/index.php\/wp-json\/wp\/v2\/posts\/2394\/revisions"}],"wp:featuredmedia":[{"embeddable":true,"href":"https:\/\/trayectoriadeportiva.com\/index.php\/wp-json\/wp\/v2\/media\/2395"}],"wp:attachment":[{"href":"https:\/\/trayectoriadeportiva.com\/index.php\/wp-json\/wp\/v2\/media?parent=2394"}],"wp:term":[{"taxonomy":"category","embeddable":true,"href":"https:\/\/trayectoriadeportiva.com\/index.php\/wp-json\/wp\/v2\/categories?post=2394"},{"taxonomy":"post_tag","embeddable":true,"href":"https:\/\/trayectoriadeportiva.com\/index.php\/wp-json\/wp\/v2\/tags?post=2394"}],"curies":[{"name":"wp","href":"https:\/\/api.w.org\/{rel}","templated":true}]}}