{"id":24042,"date":"2025-01-22T22:38:22","date_gmt":"2025-01-22T22:38:22","guid":{"rendered":"https:\/\/trayectoriadeportiva.com\/index.php\/2025\/01\/22\/el-girona-queda-eliminado-de-la-champions-con-una-derrota-honrosa-en-san-siro\/"},"modified":"2025-01-22T22:38:22","modified_gmt":"2025-01-22T22:38:22","slug":"el-girona-queda-eliminado-de-la-champions-con-una-derrota-honrosa-en-san-siro","status":"publish","type":"post","link":"https:\/\/trayectoriadeportiva.com\/index.php\/2025\/01\/22\/el-girona-queda-eliminado-de-la-champions-con-una-derrota-honrosa-en-san-siro\/","title":{"rendered":"El Girona queda eliminado de la Champions con una derrota honrosa en San Siro"},"content":{"rendered":"<p>Pocos estadios mejores donde sucumbir que en San Siro, un templo, un monumento, casi un lugar sagrado de mitos del f\u00fatbol y momentos para el recuerdo. Una muerte deportiva solemne avistada a lo lejos por el majestuoso Duomo. En la ciudad de La \u00faltima cena de Leonardo da Vinci, el Girona agot\u00f3 sus postreras opciones de clasificaci\u00f3n para la siguiente fase. En el epicentro de la moda, el equipo de M\u00edchel confirm\u00f3 que el traje de la Champions le ha venido grande esta temporada, pero no lo pareci\u00f3 ante el Milan.<\/p>\n<p><a href=\"https:\/\/www.lavanguardia.com\/deportes\/20250122\/10310976\/girona-milan-eliminado-champions-resumen-san-siro.html\">Seguir leyendo&#8230;<\/a><\/p>","protected":false},"excerpt":{"rendered":"<p>Pocos estadios mejores donde sucumbir que en San Siro, un templo, un monumento, casi un lugar sagrado de mitos del f\u00fatbol y momentos para el recuerdo. Una muerte deportiva solemne avistada a lo lejos por el majestuoso Duomo. En la ciudad de La \u00faltima cena de Leonardo da Vinci, el Girona agot\u00f3 sus postreras opciones [&hellip;]<\/p>\n","protected":false},"author":0,"featured_media":24043,"comment_status":"","ping_status":"","sticky":false,"template":"","format":"standard","meta":{"_et_pb_use_builder":"","_et_pb_old_content":"","_et_gb_content_width":"","footnotes":""},"categories":[1],"tags":[],"class_list":["post-24042","post","type-post","status-publish","format-standard","has-post-thumbnail","hentry","category-blog","et-has-post-format-content","et_post_format-et-post-format-standard"],"_links":{"self":[{"href":"https:\/\/trayectoriadeportiva.com\/index.php\/wp-json\/wp\/v2\/posts\/24042","targetHints":{"allow":["GET"]}}],"collection":[{"href":"https:\/\/trayectoriadeportiva.com\/index.php\/wp-json\/wp\/v2\/posts"}],"about":[{"href":"https:\/\/trayectoriadeportiva.com\/index.php\/wp-json\/wp\/v2\/types\/post"}],"replies":[{"embeddable":true,"href":"https:\/\/trayectoriadeportiva.com\/index.php\/wp-json\/wp\/v2\/comments?post=24042"}],"version-history":[{"count":0,"href":"https:\/\/trayectoriadeportiva.com\/index.php\/wp-json\/wp\/v2\/posts\/24042\/revisions"}],"wp:featuredmedia":[{"embeddable":true,"href":"https:\/\/trayectoriadeportiva.com\/index.php\/wp-json\/wp\/v2\/media\/24043"}],"wp:attachment":[{"href":"https:\/\/trayectoriadeportiva.com\/index.php\/wp-json\/wp\/v2\/media?parent=24042"}],"wp:term":[{"taxonomy":"category","embeddable":true,"href":"https:\/\/trayectoriadeportiva.com\/index.php\/wp-json\/wp\/v2\/categories?post=24042"},{"taxonomy":"post_tag","embeddable":true,"href":"https:\/\/trayectoriadeportiva.com\/index.php\/wp-json\/wp\/v2\/tags?post=24042"}],"curies":[{"name":"wp","href":"https:\/\/api.w.org\/{rel}","templated":true}]}}