{"id":24072,"date":"2025-01-23T20:02:09","date_gmt":"2025-01-23T20:02:09","guid":{"rendered":"https:\/\/trayectoriadeportiva.com\/index.php\/2025\/01\/23\/el-madrid-se-mete-en-la-final-con-polemica\/"},"modified":"2025-01-23T20:02:09","modified_gmt":"2025-01-23T20:02:09","slug":"el-madrid-se-mete-en-la-final-con-polemica","status":"publish","type":"post","link":"https:\/\/trayectoriadeportiva.com\/index.php\/2025\/01\/23\/el-madrid-se-mete-en-la-final-con-polemica\/","title":{"rendered":"El Madrid se mete en la final con pol\u00e9mica"},"content":{"rendered":"<p>El Real Madrid cumpli\u00f3 con las expectativas y derrot\u00f3, no sin complicaciones, a una combativa Real Sociedad y se enfrentar\u00e1 al Bar\u00e7a en la gran final de la Supercopa de Espa\u00f1a el pr\u00f3ximo domingo. Las blancas fueron superiores y lograron transformar su dominio en goles en momentos importantes del encuentro. En la recta final reaccion\u00f3 la Real, que protest\u00f3 por un gol anulado por falta previa.<\/p>\n<p><a href=\"https:\/\/www.lavanguardia.com\/deportes\/real-madrid\/20250123\/10314731\/real-madrid-real-sociedad-supercopa-de-espana-resumen.html\">Seguir leyendo&#8230;<\/a><\/p>","protected":false},"excerpt":{"rendered":"<p>El Real Madrid cumpli\u00f3 con las expectativas y derrot\u00f3, no sin complicaciones, a una combativa Real Sociedad y se enfrentar\u00e1 al Bar\u00e7a en la gran final de la Supercopa de Espa\u00f1a el pr\u00f3ximo domingo. Las blancas fueron superiores y lograron transformar su dominio en goles en momentos importantes del encuentro. En la recta final reaccion\u00f3 [&hellip;]<\/p>\n","protected":false},"author":0,"featured_media":24073,"comment_status":"","ping_status":"","sticky":false,"template":"","format":"standard","meta":{"_et_pb_use_builder":"","_et_pb_old_content":"","_et_gb_content_width":"","footnotes":""},"categories":[1],"tags":[],"class_list":["post-24072","post","type-post","status-publish","format-standard","has-post-thumbnail","hentry","category-blog","et-has-post-format-content","et_post_format-et-post-format-standard"],"_links":{"self":[{"href":"https:\/\/trayectoriadeportiva.com\/index.php\/wp-json\/wp\/v2\/posts\/24072","targetHints":{"allow":["GET"]}}],"collection":[{"href":"https:\/\/trayectoriadeportiva.com\/index.php\/wp-json\/wp\/v2\/posts"}],"about":[{"href":"https:\/\/trayectoriadeportiva.com\/index.php\/wp-json\/wp\/v2\/types\/post"}],"replies":[{"embeddable":true,"href":"https:\/\/trayectoriadeportiva.com\/index.php\/wp-json\/wp\/v2\/comments?post=24072"}],"version-history":[{"count":0,"href":"https:\/\/trayectoriadeportiva.com\/index.php\/wp-json\/wp\/v2\/posts\/24072\/revisions"}],"wp:featuredmedia":[{"embeddable":true,"href":"https:\/\/trayectoriadeportiva.com\/index.php\/wp-json\/wp\/v2\/media\/24073"}],"wp:attachment":[{"href":"https:\/\/trayectoriadeportiva.com\/index.php\/wp-json\/wp\/v2\/media?parent=24072"}],"wp:term":[{"taxonomy":"category","embeddable":true,"href":"https:\/\/trayectoriadeportiva.com\/index.php\/wp-json\/wp\/v2\/categories?post=24072"},{"taxonomy":"post_tag","embeddable":true,"href":"https:\/\/trayectoriadeportiva.com\/index.php\/wp-json\/wp\/v2\/tags?post=24072"}],"curies":[{"name":"wp","href":"https:\/\/api.w.org\/{rel}","templated":true}]}}