{"id":24096,"date":"2025-01-24T12:21:17","date_gmt":"2025-01-24T12:21:17","guid":{"rendered":"https:\/\/trayectoriadeportiva.com\/index.php\/2025\/01\/24\/ancelotti-me-consta-que-vinicius-esta-feliz-y-quiere-hacer-historia-en-el-real-madrid\/"},"modified":"2025-01-24T12:21:17","modified_gmt":"2025-01-24T12:21:17","slug":"ancelotti-me-consta-que-vinicius-esta-feliz-y-quiere-hacer-historia-en-el-real-madrid","status":"publish","type":"post","link":"https:\/\/trayectoriadeportiva.com\/index.php\/2025\/01\/24\/ancelotti-me-consta-que-vinicius-esta-feliz-y-quiere-hacer-historia-en-el-real-madrid\/","title":{"rendered":"Ancelotti: \u201cMe consta que Vin\u00edcius est\u00e1 feliz y quiere hacer historia en el Real Madrid\u201d"},"content":{"rendered":"<p>El futuro de Vin\u00edcius, que tiene una oferta de m\u00e1s de 300 millones de Arabia, marc\u00f3 la rueda de prensa de Carlo Ancelotti, previa del partido de ma\u00f1ana s\u00e1bado en el nuevo Zorrilla ante el Valladolid, el colista de la Liga. El entrenador italiano no duda de la continuidad del brasile\u00f1o en el Real Madrid: \u201cLo que me consta a m\u00ed, que tengo informaci\u00f3n directa, es que est\u00e1 muy feliz aqu\u00ed. Que ha hecho historia y quiere seguir haciendo historia en el club. Todos estamos en esa l\u00ednea\u201d.<\/p>\n<p><a href=\"https:\/\/www.lavanguardia.com\/deportes\/real-madrid\/20250124\/10316238\/ancelotti-me-consta-vinicius-esta-feliz-quiere-historia-real-madrid.html\">Seguir leyendo&#8230;<\/a><\/p>","protected":false},"excerpt":{"rendered":"<p>El futuro de Vin\u00edcius, que tiene una oferta de m\u00e1s de 300 millones de Arabia, marc\u00f3 la rueda de prensa de Carlo Ancelotti, previa del partido de ma\u00f1ana s\u00e1bado en el nuevo Zorrilla ante el Valladolid, el colista de la Liga. El entrenador italiano no duda de la continuidad del brasile\u00f1o en el Real Madrid: [&hellip;]<\/p>\n","protected":false},"author":0,"featured_media":24097,"comment_status":"","ping_status":"","sticky":false,"template":"","format":"standard","meta":{"_et_pb_use_builder":"","_et_pb_old_content":"","_et_gb_content_width":"","footnotes":""},"categories":[1],"tags":[],"class_list":["post-24096","post","type-post","status-publish","format-standard","has-post-thumbnail","hentry","category-blog","et-has-post-format-content","et_post_format-et-post-format-standard"],"_links":{"self":[{"href":"https:\/\/trayectoriadeportiva.com\/index.php\/wp-json\/wp\/v2\/posts\/24096","targetHints":{"allow":["GET"]}}],"collection":[{"href":"https:\/\/trayectoriadeportiva.com\/index.php\/wp-json\/wp\/v2\/posts"}],"about":[{"href":"https:\/\/trayectoriadeportiva.com\/index.php\/wp-json\/wp\/v2\/types\/post"}],"replies":[{"embeddable":true,"href":"https:\/\/trayectoriadeportiva.com\/index.php\/wp-json\/wp\/v2\/comments?post=24096"}],"version-history":[{"count":0,"href":"https:\/\/trayectoriadeportiva.com\/index.php\/wp-json\/wp\/v2\/posts\/24096\/revisions"}],"wp:featuredmedia":[{"embeddable":true,"href":"https:\/\/trayectoriadeportiva.com\/index.php\/wp-json\/wp\/v2\/media\/24097"}],"wp:attachment":[{"href":"https:\/\/trayectoriadeportiva.com\/index.php\/wp-json\/wp\/v2\/media?parent=24096"}],"wp:term":[{"taxonomy":"category","embeddable":true,"href":"https:\/\/trayectoriadeportiva.com\/index.php\/wp-json\/wp\/v2\/categories?post=24096"},{"taxonomy":"post_tag","embeddable":true,"href":"https:\/\/trayectoriadeportiva.com\/index.php\/wp-json\/wp\/v2\/tags?post=24096"}],"curies":[{"name":"wp","href":"https:\/\/api.w.org\/{rel}","templated":true}]}}