{"id":24170,"date":"2025-01-25T19:37:06","date_gmt":"2025-01-25T19:37:06","guid":{"rendered":"https:\/\/trayectoriadeportiva.com\/index.php\/2025\/01\/25\/el-espanyol-resiste-en-sevilla\/"},"modified":"2025-01-25T19:37:06","modified_gmt":"2025-01-25T19:37:06","slug":"el-espanyol-resiste-en-sevilla","status":"publish","type":"post","link":"https:\/\/trayectoriadeportiva.com\/index.php\/2025\/01\/25\/el-espanyol-resiste-en-sevilla\/","title":{"rendered":"El Espanyol resiste en Sevilla"},"content":{"rendered":"<p>Celebr\u00f3 el Sevilla su 135 aniversario en una tarde fresca en Nervi\u00f3n, pero no pudo soplar ni las velas. Se las apag\u00f3 en las narices un Espanyol solidario con una propuesta seria y serena al fin. No hubo nervios excesivos esta vez. La ansiedad, que otras veces hac\u00eda su presencia en cantidades industriales, no fue un problema. El equipo blanquiazul se comport\u00f3 como debe, ofreci\u00f3 oficio, sacrificio y ciertas dosis de ambici\u00f3n. Con eso fue suficiente para sumar un punto que sabe a gloria ante un rival que quiz\u00e1s mereci\u00f3 m\u00e1s. Marc\u00f3 Kumbulla, actor principal de nuevo a bal\u00f3n parado. Y Joan Garc\u00eda se visti\u00f3 de h\u00e9roe con acciones impensables, pero volvi\u00f3 a pecar en el gol del empate.<\/p>\n<p><a href=\"https:\/\/www.lavanguardia.com\/deportes\/rcde-espanyol\/20250125\/10320120\/resumen-sevilla-espanyol.html\">Seguir leyendo&#8230;<\/a><\/p>","protected":false},"excerpt":{"rendered":"<p>Celebr\u00f3 el Sevilla su 135 aniversario en una tarde fresca en Nervi\u00f3n, pero no pudo soplar ni las velas. Se las apag\u00f3 en las narices un Espanyol solidario con una propuesta seria y serena al fin. No hubo nervios excesivos esta vez. La ansiedad, que otras veces hac\u00eda su presencia en cantidades industriales, no fue [&hellip;]<\/p>\n","protected":false},"author":0,"featured_media":24171,"comment_status":"","ping_status":"","sticky":false,"template":"","format":"standard","meta":{"_et_pb_use_builder":"","_et_pb_old_content":"","_et_gb_content_width":"","footnotes":""},"categories":[1],"tags":[],"class_list":["post-24170","post","type-post","status-publish","format-standard","has-post-thumbnail","hentry","category-blog","et-has-post-format-content","et_post_format-et-post-format-standard"],"_links":{"self":[{"href":"https:\/\/trayectoriadeportiva.com\/index.php\/wp-json\/wp\/v2\/posts\/24170","targetHints":{"allow":["GET"]}}],"collection":[{"href":"https:\/\/trayectoriadeportiva.com\/index.php\/wp-json\/wp\/v2\/posts"}],"about":[{"href":"https:\/\/trayectoriadeportiva.com\/index.php\/wp-json\/wp\/v2\/types\/post"}],"replies":[{"embeddable":true,"href":"https:\/\/trayectoriadeportiva.com\/index.php\/wp-json\/wp\/v2\/comments?post=24170"}],"version-history":[{"count":0,"href":"https:\/\/trayectoriadeportiva.com\/index.php\/wp-json\/wp\/v2\/posts\/24170\/revisions"}],"wp:featuredmedia":[{"embeddable":true,"href":"https:\/\/trayectoriadeportiva.com\/index.php\/wp-json\/wp\/v2\/media\/24171"}],"wp:attachment":[{"href":"https:\/\/trayectoriadeportiva.com\/index.php\/wp-json\/wp\/v2\/media?parent=24170"}],"wp:term":[{"taxonomy":"category","embeddable":true,"href":"https:\/\/trayectoriadeportiva.com\/index.php\/wp-json\/wp\/v2\/categories?post=24170"},{"taxonomy":"post_tag","embeddable":true,"href":"https:\/\/trayectoriadeportiva.com\/index.php\/wp-json\/wp\/v2\/tags?post=24170"}],"curies":[{"name":"wp","href":"https:\/\/api.w.org\/{rel}","templated":true}]}}