{"id":24294,"date":"2025-01-28T05:00:00","date_gmt":"2025-01-28T05:00:00","guid":{"rendered":"https:\/\/trayectoriadeportiva.com\/index.php\/2025\/01\/28\/el-debate-de-la-porteria-2\/"},"modified":"2025-01-28T05:00:00","modified_gmt":"2025-01-28T05:00:00","slug":"el-debate-de-la-porteria-2","status":"publish","type":"post","link":"https:\/\/trayectoriadeportiva.com\/index.php\/2025\/01\/28\/el-debate-de-la-porteria-2\/","title":{"rendered":"El debate de la porter\u00eda"},"content":{"rendered":"<p>Da la sensaci\u00f3n de que el t\u00e9cnico del FC Barcelona, Hansi Flick, ha cerrado el debate sobre la porter\u00eda blaugrana. La lesi\u00f3n de Ter Stegen llev\u00f3 a fichar al meta polaco Wojciech Szczesny (el nombre de portero m\u00e1s dif\u00edcil de escribir de la historia del Bar\u00e7a), un veterano (34 a\u00f1os) que se hab\u00eda retirado despu\u00e9s de estar, entre otros, siete a\u00f1os en el Juventus italiano. Comenz\u00f3 a jugar I\u00f1aki Pe\u00f1a (25 a\u00f1os) pero Flick ha acabado confiando m\u00e1s en el polaco, que debut\u00f3 el pasado fin de semana en la Liga.<\/p>\n<p><a href=\"https:\/\/www.lavanguardia.com\/deportes\/fc-barcelona\/20250128\/10325168\/debate-de-la-porteria.html\">Seguir leyendo&#8230;<\/a><\/p>","protected":false},"excerpt":{"rendered":"<p>Da la sensaci\u00f3n de que el t\u00e9cnico del FC Barcelona, Hansi Flick, ha cerrado el debate sobre la porter\u00eda blaugrana. La lesi\u00f3n de Ter Stegen llev\u00f3 a fichar al meta polaco Wojciech Szczesny (el nombre de portero m\u00e1s dif\u00edcil de escribir de la historia del Bar\u00e7a), un veterano (34 a\u00f1os) que se hab\u00eda retirado despu\u00e9s [&hellip;]<\/p>\n","protected":false},"author":0,"featured_media":19777,"comment_status":"","ping_status":"","sticky":false,"template":"","format":"standard","meta":{"_et_pb_use_builder":"","_et_pb_old_content":"","_et_gb_content_width":"","footnotes":""},"categories":[1],"tags":[],"class_list":["post-24294","post","type-post","status-publish","format-standard","has-post-thumbnail","hentry","category-blog","et-has-post-format-content","et_post_format-et-post-format-standard"],"_links":{"self":[{"href":"https:\/\/trayectoriadeportiva.com\/index.php\/wp-json\/wp\/v2\/posts\/24294","targetHints":{"allow":["GET"]}}],"collection":[{"href":"https:\/\/trayectoriadeportiva.com\/index.php\/wp-json\/wp\/v2\/posts"}],"about":[{"href":"https:\/\/trayectoriadeportiva.com\/index.php\/wp-json\/wp\/v2\/types\/post"}],"replies":[{"embeddable":true,"href":"https:\/\/trayectoriadeportiva.com\/index.php\/wp-json\/wp\/v2\/comments?post=24294"}],"version-history":[{"count":0,"href":"https:\/\/trayectoriadeportiva.com\/index.php\/wp-json\/wp\/v2\/posts\/24294\/revisions"}],"wp:featuredmedia":[{"embeddable":true,"href":"https:\/\/trayectoriadeportiva.com\/index.php\/wp-json\/wp\/v2\/media\/19777"}],"wp:attachment":[{"href":"https:\/\/trayectoriadeportiva.com\/index.php\/wp-json\/wp\/v2\/media?parent=24294"}],"wp:term":[{"taxonomy":"category","embeddable":true,"href":"https:\/\/trayectoriadeportiva.com\/index.php\/wp-json\/wp\/v2\/categories?post=24294"},{"taxonomy":"post_tag","embeddable":true,"href":"https:\/\/trayectoriadeportiva.com\/index.php\/wp-json\/wp\/v2\/tags?post=24294"}],"curies":[{"name":"wp","href":"https:\/\/api.w.org\/{rel}","templated":true}]}}