{"id":24313,"date":"2025-01-28T11:49:58","date_gmt":"2025-01-28T11:49:58","guid":{"rendered":"https:\/\/trayectoriadeportiva.com\/index.php\/2025\/01\/28\/real-madrid-femenino\/"},"modified":"2025-01-28T11:49:58","modified_gmt":"2025-01-28T11:49:58","slug":"real-madrid-femenino","status":"publish","type":"post","link":"https:\/\/trayectoriadeportiva.com\/index.php\/2025\/01\/28\/real-madrid-femenino\/","title":{"rendered":"\u00bfReal Madrid femenino?"},"content":{"rendered":"<p>En el verano del a\u00f1o 2019 y despu\u00e9s de 118 a\u00f1os de existencia, el  Real Madrid  decidi\u00f3 al fin equipararse al resto de grandes clubs europeos y crear su propio equipo profesional femenino. Lo hizo de una manera sui generis, absorbiendo la plaza del CD Tac\u00f3n en Primera Divisi\u00f3n, ahorr\u00e1ndose la pesadez del ascenso v\u00eda meritocracia a cambio del pago de 300.000 euros, calderilla para el club de Florentino P\u00e9rez. Aquel m\u00e9todo poco ortodoxo de hacerse un sitio entre la \u00e9lite ha acabado marcando el devenir de aquella epifan\u00eda, anunciada con una pomposidad en la capital de Espa\u00f1a  a la que no han acompa\u00f1ado los hechos.<\/p>\n<p><a href=\"https:\/\/www.lavanguardia.com\/deportes\/fc-barcelona\/20250128\/10327286\/real-madrid-femenino.html\">Seguir leyendo&#8230;<\/a><\/p>","protected":false},"excerpt":{"rendered":"<p>En el verano del a\u00f1o 2019 y despu\u00e9s de 118 a\u00f1os de existencia, el Real Madrid decidi\u00f3 al fin equipararse al resto de grandes clubs europeos y crear su propio equipo profesional femenino. Lo hizo de una manera sui generis, absorbiendo la plaza del CD Tac\u00f3n en Primera Divisi\u00f3n, ahorr\u00e1ndose la pesadez del ascenso v\u00eda [&hellip;]<\/p>\n","protected":false},"author":0,"featured_media":24314,"comment_status":"","ping_status":"","sticky":false,"template":"","format":"standard","meta":{"_et_pb_use_builder":"","_et_pb_old_content":"","_et_gb_content_width":"","footnotes":""},"categories":[1],"tags":[],"class_list":["post-24313","post","type-post","status-publish","format-standard","has-post-thumbnail","hentry","category-blog","et-has-post-format-content","et_post_format-et-post-format-standard"],"_links":{"self":[{"href":"https:\/\/trayectoriadeportiva.com\/index.php\/wp-json\/wp\/v2\/posts\/24313","targetHints":{"allow":["GET"]}}],"collection":[{"href":"https:\/\/trayectoriadeportiva.com\/index.php\/wp-json\/wp\/v2\/posts"}],"about":[{"href":"https:\/\/trayectoriadeportiva.com\/index.php\/wp-json\/wp\/v2\/types\/post"}],"replies":[{"embeddable":true,"href":"https:\/\/trayectoriadeportiva.com\/index.php\/wp-json\/wp\/v2\/comments?post=24313"}],"version-history":[{"count":0,"href":"https:\/\/trayectoriadeportiva.com\/index.php\/wp-json\/wp\/v2\/posts\/24313\/revisions"}],"wp:featuredmedia":[{"embeddable":true,"href":"https:\/\/trayectoriadeportiva.com\/index.php\/wp-json\/wp\/v2\/media\/24314"}],"wp:attachment":[{"href":"https:\/\/trayectoriadeportiva.com\/index.php\/wp-json\/wp\/v2\/media?parent=24313"}],"wp:term":[{"taxonomy":"category","embeddable":true,"href":"https:\/\/trayectoriadeportiva.com\/index.php\/wp-json\/wp\/v2\/categories?post=24313"},{"taxonomy":"post_tag","embeddable":true,"href":"https:\/\/trayectoriadeportiva.com\/index.php\/wp-json\/wp\/v2\/tags?post=24313"}],"curies":[{"name":"wp","href":"https:\/\/api.w.org\/{rel}","templated":true}]}}