{"id":2446,"date":"2023-11-09T16:39:03","date_gmt":"2023-11-09T16:39:03","guid":{"rendered":"https:\/\/trayectoriadeportiva.com\/index.php\/2023\/11\/09\/sorteo-de-las-atp-finals-alcaraz-con-medvedev-rublev-y-zverev\/"},"modified":"2023-11-09T16:39:03","modified_gmt":"2023-11-09T16:39:03","slug":"sorteo-de-las-atp-finals-alcaraz-con-medvedev-rublev-y-zverev","status":"publish","type":"post","link":"https:\/\/trayectoriadeportiva.com\/index.php\/2023\/11\/09\/sorteo-de-las-atp-finals-alcaraz-con-medvedev-rublev-y-zverev\/","title":{"rendered":"Sorteo de las ATP Finals: Alcaraz, con Medvedev, Rublev y Zverev"},"content":{"rendered":"<p>Este domingo arrancan en Tur\u00edn las ATP Finals 2023 que coronar\u00e1n al mejor tenista del a\u00f1o. La emoci\u00f3n est\u00e1 servida tras un sorteo que ha deparado dos grupos muy equilibrados entre los ocho mejores jugadores del mundo. Carlos Alcaraz y Novak Djokovic sab\u00edan que estar\u00edan en grupos diferentes por ser cabezas de serie del sorteo y su suerte ha sido parecida.<\/p>\n<p><a href=\"https:\/\/www.lavanguardia.com\/deportes\/tenis\/20231109\/9366113\/sorteo-atp-finals-alcaraz-medvedev-rublev-zverev.html\">Seguir leyendo&#8230;<\/a><\/p>","protected":false},"excerpt":{"rendered":"<p>Este domingo arrancan en Tur\u00edn las ATP Finals 2023 que coronar\u00e1n al mejor tenista del a\u00f1o. La emoci\u00f3n est\u00e1 servida tras un sorteo que ha deparado dos grupos muy equilibrados entre los ocho mejores jugadores del mundo. Carlos Alcaraz y Novak Djokovic sab\u00edan que estar\u00edan en grupos diferentes por ser cabezas de serie del sorteo [&hellip;]<\/p>\n","protected":false},"author":0,"featured_media":2447,"comment_status":"","ping_status":"","sticky":false,"template":"","format":"standard","meta":{"_et_pb_use_builder":"","_et_pb_old_content":"","_et_gb_content_width":"","footnotes":""},"categories":[1],"tags":[],"class_list":["post-2446","post","type-post","status-publish","format-standard","has-post-thumbnail","hentry","category-blog","et-has-post-format-content","et_post_format-et-post-format-standard"],"_links":{"self":[{"href":"https:\/\/trayectoriadeportiva.com\/index.php\/wp-json\/wp\/v2\/posts\/2446","targetHints":{"allow":["GET"]}}],"collection":[{"href":"https:\/\/trayectoriadeportiva.com\/index.php\/wp-json\/wp\/v2\/posts"}],"about":[{"href":"https:\/\/trayectoriadeportiva.com\/index.php\/wp-json\/wp\/v2\/types\/post"}],"replies":[{"embeddable":true,"href":"https:\/\/trayectoriadeportiva.com\/index.php\/wp-json\/wp\/v2\/comments?post=2446"}],"version-history":[{"count":0,"href":"https:\/\/trayectoriadeportiva.com\/index.php\/wp-json\/wp\/v2\/posts\/2446\/revisions"}],"wp:featuredmedia":[{"embeddable":true,"href":"https:\/\/trayectoriadeportiva.com\/index.php\/wp-json\/wp\/v2\/media\/2447"}],"wp:attachment":[{"href":"https:\/\/trayectoriadeportiva.com\/index.php\/wp-json\/wp\/v2\/media?parent=2446"}],"wp:term":[{"taxonomy":"category","embeddable":true,"href":"https:\/\/trayectoriadeportiva.com\/index.php\/wp-json\/wp\/v2\/categories?post=2446"},{"taxonomy":"post_tag","embeddable":true,"href":"https:\/\/trayectoriadeportiva.com\/index.php\/wp-json\/wp\/v2\/tags?post=2446"}],"curies":[{"name":"wp","href":"https:\/\/api.w.org\/{rel}","templated":true}]}}