{"id":24682,"date":"2025-02-04T21:36:39","date_gmt":"2025-02-04T21:36:39","guid":{"rendered":"https:\/\/trayectoriadeportiva.com\/index.php\/2025\/02\/04\/alcaraz-doblega-a-van-de-zandschulp-ultimo-verdugo-de-nadal\/"},"modified":"2025-02-04T21:36:39","modified_gmt":"2025-02-04T21:36:39","slug":"alcaraz-doblega-a-van-de-zandschulp-ultimo-verdugo-de-nadal","status":"publish","type":"post","link":"https:\/\/trayectoriadeportiva.com\/index.php\/2025\/02\/04\/alcaraz-doblega-a-van-de-zandschulp-ultimo-verdugo-de-nadal\/","title":{"rendered":"Alcaraz doblega a Van de Zandschulp, \u00faltimo verdugo de Nadal"},"content":{"rendered":"<p>El espa\u00f1ol Carlos Alcaraz, primer cabeza de serie y n\u00famero 3 mundial, tuvo que emplearse a fondo este martes para derrotar al neerland\u00e9s Botic van De Zandschulp en tres sets, por 7-6 (3), 3-6 y 6-1, en la primera ronda del torneo ATP 500 de Rotterdam (Pa\u00edses Bajos).<\/p>\n<p><a href=\"https:\/\/www.lavanguardia.com\/deportes\/tenis\/20250204\/10352995\/alcaraz-doblega-zandschulp-ultimo-verdugo-nadal.html\">Seguir leyendo&#8230;<\/a><\/p>","protected":false},"excerpt":{"rendered":"<p>El espa\u00f1ol Carlos Alcaraz, primer cabeza de serie y n\u00famero 3 mundial, tuvo que emplearse a fondo este martes para derrotar al neerland\u00e9s Botic van De Zandschulp en tres sets, por 7-6 (3), 3-6 y 6-1, en la primera ronda del torneo ATP 500 de Rotterdam (Pa\u00edses Bajos). Seguir leyendo&#8230;<\/p>\n","protected":false},"author":1,"featured_media":24683,"comment_status":"","ping_status":"","sticky":false,"template":"","format":"standard","meta":{"_et_pb_use_builder":"","_et_pb_old_content":"","_et_gb_content_width":"","footnotes":""},"categories":[1],"tags":[],"class_list":["post-24682","post","type-post","status-publish","format-standard","has-post-thumbnail","hentry","category-blog","et-has-post-format-content","et_post_format-et-post-format-standard"],"_links":{"self":[{"href":"https:\/\/trayectoriadeportiva.com\/index.php\/wp-json\/wp\/v2\/posts\/24682","targetHints":{"allow":["GET"]}}],"collection":[{"href":"https:\/\/trayectoriadeportiva.com\/index.php\/wp-json\/wp\/v2\/posts"}],"about":[{"href":"https:\/\/trayectoriadeportiva.com\/index.php\/wp-json\/wp\/v2\/types\/post"}],"author":[{"embeddable":true,"href":"https:\/\/trayectoriadeportiva.com\/index.php\/wp-json\/wp\/v2\/users\/1"}],"replies":[{"embeddable":true,"href":"https:\/\/trayectoriadeportiva.com\/index.php\/wp-json\/wp\/v2\/comments?post=24682"}],"version-history":[{"count":0,"href":"https:\/\/trayectoriadeportiva.com\/index.php\/wp-json\/wp\/v2\/posts\/24682\/revisions"}],"wp:featuredmedia":[{"embeddable":true,"href":"https:\/\/trayectoriadeportiva.com\/index.php\/wp-json\/wp\/v2\/media\/24683"}],"wp:attachment":[{"href":"https:\/\/trayectoriadeportiva.com\/index.php\/wp-json\/wp\/v2\/media?parent=24682"}],"wp:term":[{"taxonomy":"category","embeddable":true,"href":"https:\/\/trayectoriadeportiva.com\/index.php\/wp-json\/wp\/v2\/categories?post=24682"},{"taxonomy":"post_tag","embeddable":true,"href":"https:\/\/trayectoriadeportiva.com\/index.php\/wp-json\/wp\/v2\/tags?post=24682"}],"curies":[{"name":"wp","href":"https:\/\/api.w.org\/{rel}","templated":true}]}}