{"id":24706,"date":"2025-02-05T13:10:53","date_gmt":"2025-02-05T13:10:53","guid":{"rendered":"https:\/\/trayectoriadeportiva.com\/index.php\/2025\/02\/05\/rafael-hermoso-mi-hermana-me-dijo-que-el-beso-le-dio-asco\/"},"modified":"2025-02-05T13:10:53","modified_gmt":"2025-02-05T13:10:53","slug":"rafael-hermoso-mi-hermana-me-dijo-que-el-beso-le-dio-asco","status":"publish","type":"post","link":"https:\/\/trayectoriadeportiva.com\/index.php\/2025\/02\/05\/rafael-hermoso-mi-hermana-me-dijo-que-el-beso-le-dio-asco\/","title":{"rendered":"Rafael Hermoso: \u201cMi hermana me dijo que el beso le dio asco\u201d"},"content":{"rendered":"<p>El hermano de Jennifer Hermoso fue el apoyo de la jugadora en los momentos m\u00e1s complicados tras el beso no consentido de Luis Rubiales. As\u00ed ha quedado constatado durante su declaraci\u00f3n hoy como testigo en el juicio que se celebra en la Audiencia Nacional contra el expresidente de la Real Federaci\u00f3n Espa\u00f1ola de F\u00fatbol (RFEF) por los delitos de agresi\u00f3n sexual y coacciones.<\/p>\n<p><a href=\"https:\/\/www.lavanguardia.com\/deportes\/20250205\/10355167\/rafael-hermoso-mi-hermana-me-dijo-beso-le-dio-asco.html\">Seguir leyendo&#8230;<\/a><\/p>","protected":false},"excerpt":{"rendered":"<p>El hermano de Jennifer Hermoso fue el apoyo de la jugadora en los momentos m\u00e1s complicados tras el beso no consentido de Luis Rubiales. As\u00ed ha quedado constatado durante su declaraci\u00f3n hoy como testigo en el juicio que se celebra en la Audiencia Nacional contra el expresidente de la Real Federaci\u00f3n Espa\u00f1ola de F\u00fatbol (RFEF) [&hellip;]<\/p>\n","protected":false},"author":1,"featured_media":24707,"comment_status":"","ping_status":"","sticky":false,"template":"","format":"standard","meta":{"_et_pb_use_builder":"","_et_pb_old_content":"","_et_gb_content_width":"","footnotes":""},"categories":[1],"tags":[],"class_list":["post-24706","post","type-post","status-publish","format-standard","has-post-thumbnail","hentry","category-blog","et-has-post-format-content","et_post_format-et-post-format-standard"],"_links":{"self":[{"href":"https:\/\/trayectoriadeportiva.com\/index.php\/wp-json\/wp\/v2\/posts\/24706","targetHints":{"allow":["GET"]}}],"collection":[{"href":"https:\/\/trayectoriadeportiva.com\/index.php\/wp-json\/wp\/v2\/posts"}],"about":[{"href":"https:\/\/trayectoriadeportiva.com\/index.php\/wp-json\/wp\/v2\/types\/post"}],"author":[{"embeddable":true,"href":"https:\/\/trayectoriadeportiva.com\/index.php\/wp-json\/wp\/v2\/users\/1"}],"replies":[{"embeddable":true,"href":"https:\/\/trayectoriadeportiva.com\/index.php\/wp-json\/wp\/v2\/comments?post=24706"}],"version-history":[{"count":0,"href":"https:\/\/trayectoriadeportiva.com\/index.php\/wp-json\/wp\/v2\/posts\/24706\/revisions"}],"wp:featuredmedia":[{"embeddable":true,"href":"https:\/\/trayectoriadeportiva.com\/index.php\/wp-json\/wp\/v2\/media\/24707"}],"wp:attachment":[{"href":"https:\/\/trayectoriadeportiva.com\/index.php\/wp-json\/wp\/v2\/media?parent=24706"}],"wp:term":[{"taxonomy":"category","embeddable":true,"href":"https:\/\/trayectoriadeportiva.com\/index.php\/wp-json\/wp\/v2\/categories?post=24706"},{"taxonomy":"post_tag","embeddable":true,"href":"https:\/\/trayectoriadeportiva.com\/index.php\/wp-json\/wp\/v2\/tags?post=24706"}],"curies":[{"name":"wp","href":"https:\/\/api.w.org\/{rel}","templated":true}]}}