{"id":2474,"date":"2023-11-10T12:16:12","date_gmt":"2023-11-10T12:16:12","guid":{"rendered":"https:\/\/trayectoriadeportiva.com\/index.php\/2023\/11\/10\/asi-se-ven-por-dentro-las-obras-del-spotify-camp-nou\/"},"modified":"2023-11-10T12:16:12","modified_gmt":"2023-11-10T12:16:12","slug":"asi-se-ven-por-dentro-las-obras-del-spotify-camp-nou","status":"publish","type":"post","link":"https:\/\/trayectoriadeportiva.com\/index.php\/2023\/11\/10\/asi-se-ven-por-dentro-las-obras-del-spotify-camp-nou\/","title":{"rendered":"As\u00ed se ven por dentro las obras del Spotify Camp Nou"},"content":{"rendered":"<p>Ni rastro del \u00e1rea t\u00e9cnica ni del c\u00e9sped que iluminaba el Spotify Camp Nou. <a href=\"https:\/\/www.lavanguardia.com\/deportes\/fc-barcelona\/20231030\/9339686\/remodelacion-spotify-camp-nou-sigue-curso.html\" title=\"As\u00ed avanzan las obras del Spotify Camp Nou\">El aspecto interior del estadio blaugrana es m\u00e1s irreconocible que nunca.<\/a> El Bar\u00e7a ha publicado en sus redes sociales una instant\u00e1nea y un v\u00eddeo en el que se ven los avances de las obras interiores del feudo cul\u00e9.\u00a0<\/p>\n<p><a href=\"https:\/\/www.lavanguardia.com\/deportes\/fc-barcelona\/20231110\/9367530\/asi-ven-obras-spotify-camp-nou.html\">Seguir leyendo&#8230;<\/a><\/p>","protected":false},"excerpt":{"rendered":"<p>Ni rastro del \u00e1rea t\u00e9cnica ni del c\u00e9sped que iluminaba el Spotify Camp Nou. El aspecto interior del estadio blaugrana es m\u00e1s irreconocible que nunca. El Bar\u00e7a ha publicado en sus redes sociales una instant\u00e1nea y un v\u00eddeo en el que se ven los avances de las obras interiores del feudo cul\u00e9.\u00a0 Seguir leyendo&#8230;<\/p>\n","protected":false},"author":0,"featured_media":2475,"comment_status":"","ping_status":"","sticky":false,"template":"","format":"standard","meta":{"_et_pb_use_builder":"","_et_pb_old_content":"","_et_gb_content_width":"","footnotes":""},"categories":[1],"tags":[],"class_list":["post-2474","post","type-post","status-publish","format-standard","has-post-thumbnail","hentry","category-blog","et-has-post-format-content","et_post_format-et-post-format-standard"],"_links":{"self":[{"href":"https:\/\/trayectoriadeportiva.com\/index.php\/wp-json\/wp\/v2\/posts\/2474","targetHints":{"allow":["GET"]}}],"collection":[{"href":"https:\/\/trayectoriadeportiva.com\/index.php\/wp-json\/wp\/v2\/posts"}],"about":[{"href":"https:\/\/trayectoriadeportiva.com\/index.php\/wp-json\/wp\/v2\/types\/post"}],"replies":[{"embeddable":true,"href":"https:\/\/trayectoriadeportiva.com\/index.php\/wp-json\/wp\/v2\/comments?post=2474"}],"version-history":[{"count":0,"href":"https:\/\/trayectoriadeportiva.com\/index.php\/wp-json\/wp\/v2\/posts\/2474\/revisions"}],"wp:featuredmedia":[{"embeddable":true,"href":"https:\/\/trayectoriadeportiva.com\/index.php\/wp-json\/wp\/v2\/media\/2475"}],"wp:attachment":[{"href":"https:\/\/trayectoriadeportiva.com\/index.php\/wp-json\/wp\/v2\/media?parent=2474"}],"wp:term":[{"taxonomy":"category","embeddable":true,"href":"https:\/\/trayectoriadeportiva.com\/index.php\/wp-json\/wp\/v2\/categories?post=2474"},{"taxonomy":"post_tag","embeddable":true,"href":"https:\/\/trayectoriadeportiva.com\/index.php\/wp-json\/wp\/v2\/tags?post=2474"}],"curies":[{"name":"wp","href":"https:\/\/api.w.org\/{rel}","templated":true}]}}