{"id":24810,"date":"2025-02-07T11:44:18","date_gmt":"2025-02-07T11:44:18","guid":{"rendered":"https:\/\/trayectoriadeportiva.com\/index.php\/2025\/02\/07\/alex-marquez-eclipsa-a-su-hermano-marc-en-los-primeros-tests-de-malasia\/"},"modified":"2025-02-07T11:44:18","modified_gmt":"2025-02-07T11:44:18","slug":"alex-marquez-eclipsa-a-su-hermano-marc-en-los-primeros-tests-de-malasia","status":"publish","type":"post","link":"https:\/\/trayectoriadeportiva.com\/index.php\/2025\/02\/07\/alex-marquez-eclipsa-a-su-hermano-marc-en-los-primeros-tests-de-malasia\/","title":{"rendered":"\u00c0lex M\u00e1rquez eclipsa a su hermano Marc en los primeros tests de Malasia"},"content":{"rendered":"<p>Si cuatro d\u00edas de entrenamientos permiten extraer conclusiones, ah\u00ed va la primera: cuidado con M\u00e1rquez. Pero \u00c0lex M\u00e1rquez, el peque\u00f1o de los hermanos de Cervera, que con su Ducati sat\u00e9lite del equipo Gresini se ha erigido en el piloto m\u00e1s veloz de esta pretemporada 2025.\u00a0<\/p>\n<p><a href=\"https:\/\/www.lavanguardia.com\/deportes\/20250207\/10362607\/motogp-tests-pretemporada-malasia-sepang-alex-marquez-eclipsa-hermano-marc-ducati.html\">Seguir leyendo&#8230;<\/a><\/p>","protected":false},"excerpt":{"rendered":"<p>Si cuatro d\u00edas de entrenamientos permiten extraer conclusiones, ah\u00ed va la primera: cuidado con M\u00e1rquez. Pero \u00c0lex M\u00e1rquez, el peque\u00f1o de los hermanos de Cervera, que con su Ducati sat\u00e9lite del equipo Gresini se ha erigido en el piloto m\u00e1s veloz de esta pretemporada 2025.\u00a0 Seguir leyendo&#8230;<\/p>\n","protected":false},"author":1,"featured_media":24811,"comment_status":"","ping_status":"","sticky":false,"template":"","format":"standard","meta":{"_et_pb_use_builder":"","_et_pb_old_content":"","_et_gb_content_width":"","footnotes":""},"categories":[1],"tags":[],"class_list":["post-24810","post","type-post","status-publish","format-standard","has-post-thumbnail","hentry","category-blog","et-has-post-format-content","et_post_format-et-post-format-standard"],"_links":{"self":[{"href":"https:\/\/trayectoriadeportiva.com\/index.php\/wp-json\/wp\/v2\/posts\/24810","targetHints":{"allow":["GET"]}}],"collection":[{"href":"https:\/\/trayectoriadeportiva.com\/index.php\/wp-json\/wp\/v2\/posts"}],"about":[{"href":"https:\/\/trayectoriadeportiva.com\/index.php\/wp-json\/wp\/v2\/types\/post"}],"author":[{"embeddable":true,"href":"https:\/\/trayectoriadeportiva.com\/index.php\/wp-json\/wp\/v2\/users\/1"}],"replies":[{"embeddable":true,"href":"https:\/\/trayectoriadeportiva.com\/index.php\/wp-json\/wp\/v2\/comments?post=24810"}],"version-history":[{"count":0,"href":"https:\/\/trayectoriadeportiva.com\/index.php\/wp-json\/wp\/v2\/posts\/24810\/revisions"}],"wp:featuredmedia":[{"embeddable":true,"href":"https:\/\/trayectoriadeportiva.com\/index.php\/wp-json\/wp\/v2\/media\/24811"}],"wp:attachment":[{"href":"https:\/\/trayectoriadeportiva.com\/index.php\/wp-json\/wp\/v2\/media?parent=24810"}],"wp:term":[{"taxonomy":"category","embeddable":true,"href":"https:\/\/trayectoriadeportiva.com\/index.php\/wp-json\/wp\/v2\/categories?post=24810"},{"taxonomy":"post_tag","embeddable":true,"href":"https:\/\/trayectoriadeportiva.com\/index.php\/wp-json\/wp\/v2\/tags?post=24810"}],"curies":[{"name":"wp","href":"https:\/\/api.w.org\/{rel}","templated":true}]}}