{"id":24834,"date":"2025-02-08T05:55:51","date_gmt":"2025-02-08T05:55:51","guid":{"rendered":"https:\/\/trayectoriadeportiva.com\/index.php\/2025\/02\/08\/el-derbi-madrileno-arde\/"},"modified":"2025-02-08T05:55:51","modified_gmt":"2025-02-08T05:55:51","slug":"el-derbi-madrileno-arde","status":"publish","type":"post","link":"https:\/\/trayectoriadeportiva.com\/index.php\/2025\/02\/08\/el-derbi-madrileno-arde\/","title":{"rendered":"El derbi madrile\u00f1o arde"},"content":{"rendered":"<p>El derbi madrile\u00f1o, esta vez en el Bernab\u00e9u, llega en medio de una guerra total entre el Real Madrid y el Atl\u00e9tico. El liderato est\u00e1 en juego porque los blancos solo aventajan en un punto a los colchoneros (con el Barcelona a cuatro del l\u00edder) pero la intensidad del ruido extradeportivo entre los dos clubs ha sido tanta que la batalla en las redes sociales y en sus altavoces medi\u00e1ticos ha solapado un tanto a lo meramente deportivo.<\/p>\n<p><a href=\"https:\/\/www.lavanguardia.com\/deportes\/real-madrid\/20250208\/10364462\/derbi-madrileno-arde.html\">Seguir leyendo&#8230;<\/a><\/p>","protected":false},"excerpt":{"rendered":"<p>El derbi madrile\u00f1o, esta vez en el Bernab\u00e9u, llega en medio de una guerra total entre el Real Madrid y el Atl\u00e9tico. El liderato est\u00e1 en juego porque los blancos solo aventajan en un punto a los colchoneros (con el Barcelona a cuatro del l\u00edder) pero la intensidad del ruido extradeportivo entre los dos clubs [&hellip;]<\/p>\n","protected":false},"author":1,"featured_media":24835,"comment_status":"","ping_status":"","sticky":false,"template":"","format":"standard","meta":{"_et_pb_use_builder":"","_et_pb_old_content":"","_et_gb_content_width":"","footnotes":""},"categories":[1],"tags":[],"class_list":["post-24834","post","type-post","status-publish","format-standard","has-post-thumbnail","hentry","category-blog","et-has-post-format-content","et_post_format-et-post-format-standard"],"_links":{"self":[{"href":"https:\/\/trayectoriadeportiva.com\/index.php\/wp-json\/wp\/v2\/posts\/24834","targetHints":{"allow":["GET"]}}],"collection":[{"href":"https:\/\/trayectoriadeportiva.com\/index.php\/wp-json\/wp\/v2\/posts"}],"about":[{"href":"https:\/\/trayectoriadeportiva.com\/index.php\/wp-json\/wp\/v2\/types\/post"}],"author":[{"embeddable":true,"href":"https:\/\/trayectoriadeportiva.com\/index.php\/wp-json\/wp\/v2\/users\/1"}],"replies":[{"embeddable":true,"href":"https:\/\/trayectoriadeportiva.com\/index.php\/wp-json\/wp\/v2\/comments?post=24834"}],"version-history":[{"count":0,"href":"https:\/\/trayectoriadeportiva.com\/index.php\/wp-json\/wp\/v2\/posts\/24834\/revisions"}],"wp:featuredmedia":[{"embeddable":true,"href":"https:\/\/trayectoriadeportiva.com\/index.php\/wp-json\/wp\/v2\/media\/24835"}],"wp:attachment":[{"href":"https:\/\/trayectoriadeportiva.com\/index.php\/wp-json\/wp\/v2\/media?parent=24834"}],"wp:term":[{"taxonomy":"category","embeddable":true,"href":"https:\/\/trayectoriadeportiva.com\/index.php\/wp-json\/wp\/v2\/categories?post=24834"},{"taxonomy":"post_tag","embeddable":true,"href":"https:\/\/trayectoriadeportiva.com\/index.php\/wp-json\/wp\/v2\/tags?post=24834"}],"curies":[{"name":"wp","href":"https:\/\/api.w.org\/{rel}","templated":true}]}}