{"id":24838,"date":"2025-02-08T09:46:52","date_gmt":"2025-02-08T09:46:52","guid":{"rendered":"https:\/\/trayectoriadeportiva.com\/index.php\/2025\/02\/08\/luis-enrique-renueva-con-el-psg-hasta-el-2027\/"},"modified":"2025-02-08T09:46:52","modified_gmt":"2025-02-08T09:46:52","slug":"luis-enrique-renueva-con-el-psg-hasta-el-2027","status":"publish","type":"post","link":"https:\/\/trayectoriadeportiva.com\/index.php\/2025\/02\/08\/luis-enrique-renueva-con-el-psg-hasta-el-2027\/","title":{"rendered":"Luis Enrique renueva con el PSG hasta el 2027"},"content":{"rendered":"<p>Antes de arrancar el partido entre el Paris Saint-Germain y el M\u00f3naco \u2212que termin\u00f3 con victoria local por 4-1\u2212, el club parisino avis\u00f3 que en la previa del partido hab\u00eda algo importante que comunicar. Salieron al c\u00e9sped Luis Enrique, Achraf Hakimi, Nuno Mendes y Vitinha. Los cuatro han renovado sus contratos con la entidad francesa. En el caso del entrenador asturiano, terminaba contrato en junio de 2025 y su v\u00ednculo se extiende hasta junio de 2027.<\/p>\n<p><a href=\"https:\/\/www.lavanguardia.com\/deportes\/futbol\/20250208\/10365444\/luis-enrique-renueva-psg-2027.html\">Seguir leyendo&#8230;<\/a><\/p>","protected":false},"excerpt":{"rendered":"<p>Antes de arrancar el partido entre el Paris Saint-Germain y el M\u00f3naco \u2212que termin\u00f3 con victoria local por 4-1\u2212, el club parisino avis\u00f3 que en la previa del partido hab\u00eda algo importante que comunicar. Salieron al c\u00e9sped Luis Enrique, Achraf Hakimi, Nuno Mendes y Vitinha. Los cuatro han renovado sus contratos con la entidad francesa. [&hellip;]<\/p>\n","protected":false},"author":1,"featured_media":24839,"comment_status":"","ping_status":"","sticky":false,"template":"","format":"standard","meta":{"_et_pb_use_builder":"","_et_pb_old_content":"","_et_gb_content_width":"","footnotes":""},"categories":[1],"tags":[],"class_list":["post-24838","post","type-post","status-publish","format-standard","has-post-thumbnail","hentry","category-blog","et-has-post-format-content","et_post_format-et-post-format-standard"],"_links":{"self":[{"href":"https:\/\/trayectoriadeportiva.com\/index.php\/wp-json\/wp\/v2\/posts\/24838","targetHints":{"allow":["GET"]}}],"collection":[{"href":"https:\/\/trayectoriadeportiva.com\/index.php\/wp-json\/wp\/v2\/posts"}],"about":[{"href":"https:\/\/trayectoriadeportiva.com\/index.php\/wp-json\/wp\/v2\/types\/post"}],"author":[{"embeddable":true,"href":"https:\/\/trayectoriadeportiva.com\/index.php\/wp-json\/wp\/v2\/users\/1"}],"replies":[{"embeddable":true,"href":"https:\/\/trayectoriadeportiva.com\/index.php\/wp-json\/wp\/v2\/comments?post=24838"}],"version-history":[{"count":0,"href":"https:\/\/trayectoriadeportiva.com\/index.php\/wp-json\/wp\/v2\/posts\/24838\/revisions"}],"wp:featuredmedia":[{"embeddable":true,"href":"https:\/\/trayectoriadeportiva.com\/index.php\/wp-json\/wp\/v2\/media\/24839"}],"wp:attachment":[{"href":"https:\/\/trayectoriadeportiva.com\/index.php\/wp-json\/wp\/v2\/media?parent=24838"}],"wp:term":[{"taxonomy":"category","embeddable":true,"href":"https:\/\/trayectoriadeportiva.com\/index.php\/wp-json\/wp\/v2\/categories?post=24838"},{"taxonomy":"post_tag","embeddable":true,"href":"https:\/\/trayectoriadeportiva.com\/index.php\/wp-json\/wp\/v2\/tags?post=24838"}],"curies":[{"name":"wp","href":"https:\/\/api.w.org\/{rel}","templated":true}]}}