{"id":24983,"date":"2025-02-10T12:27:00","date_gmt":"2025-02-10T12:27:00","guid":{"rendered":"https:\/\/trayectoriadeportiva.com\/index.php\/2025\/02\/10\/el-barca-pierde-a-petar-cikusa-para-dos-meses-entre-10-y-12-partidos\/"},"modified":"2025-02-10T12:27:00","modified_gmt":"2025-02-10T12:27:00","slug":"el-barca-pierde-a-petar-cikusa-para-dos-meses-entre-10-y-12-partidos","status":"publish","type":"post","link":"https:\/\/trayectoriadeportiva.com\/index.php\/2025\/02\/10\/el-barca-pierde-a-petar-cikusa-para-dos-meses-entre-10-y-12-partidos\/","title":{"rendered":"El Bar\u00e7a pierde a Petar Cikusa para dos meses, entre 10 y 12 partidos"},"content":{"rendered":"<p>Contratiempo serio para el Bar\u00e7a de balonmano. El tercer t\u00edtulo del curso,<a href=\"https:\/\/www.lavanguardia.com\/deportes\/20250209\/10367909\/balonmano-barca-amplia-hegemonia-espanola-sufrida-segunda-copa-espana.html\"> la Copa de Espa\u00f1a ganada en Lanzarote al Torrelavega<\/a>, le ha pasado una factura cara en forma de lesi\u00f3n de uno de sus piezas importantes.<\/p>\n<p><a href=\"https:\/\/www.lavanguardia.com\/deportes\/20250210\/10370338\/balonmano-petar-cikusa-lesion-rotura-ligamento-tobillo-izquierdo-baja-dos-meses-10-12-partidos.html\">Seguir leyendo&#8230;<\/a><\/p>","protected":false},"excerpt":{"rendered":"<p>Contratiempo serio para el Bar\u00e7a de balonmano. El tercer t\u00edtulo del curso, la Copa de Espa\u00f1a ganada en Lanzarote al Torrelavega, le ha pasado una factura cara en forma de lesi\u00f3n de uno de sus piezas importantes. Seguir leyendo&#8230;<\/p>\n","protected":false},"author":1,"featured_media":24984,"comment_status":"","ping_status":"","sticky":false,"template":"","format":"standard","meta":{"_et_pb_use_builder":"","_et_pb_old_content":"","_et_gb_content_width":"","footnotes":""},"categories":[1],"tags":[],"class_list":["post-24983","post","type-post","status-publish","format-standard","has-post-thumbnail","hentry","category-blog","et-has-post-format-content","et_post_format-et-post-format-standard"],"_links":{"self":[{"href":"https:\/\/trayectoriadeportiva.com\/index.php\/wp-json\/wp\/v2\/posts\/24983","targetHints":{"allow":["GET"]}}],"collection":[{"href":"https:\/\/trayectoriadeportiva.com\/index.php\/wp-json\/wp\/v2\/posts"}],"about":[{"href":"https:\/\/trayectoriadeportiva.com\/index.php\/wp-json\/wp\/v2\/types\/post"}],"author":[{"embeddable":true,"href":"https:\/\/trayectoriadeportiva.com\/index.php\/wp-json\/wp\/v2\/users\/1"}],"replies":[{"embeddable":true,"href":"https:\/\/trayectoriadeportiva.com\/index.php\/wp-json\/wp\/v2\/comments?post=24983"}],"version-history":[{"count":0,"href":"https:\/\/trayectoriadeportiva.com\/index.php\/wp-json\/wp\/v2\/posts\/24983\/revisions"}],"wp:featuredmedia":[{"embeddable":true,"href":"https:\/\/trayectoriadeportiva.com\/index.php\/wp-json\/wp\/v2\/media\/24984"}],"wp:attachment":[{"href":"https:\/\/trayectoriadeportiva.com\/index.php\/wp-json\/wp\/v2\/media?parent=24983"}],"wp:term":[{"taxonomy":"category","embeddable":true,"href":"https:\/\/trayectoriadeportiva.com\/index.php\/wp-json\/wp\/v2\/categories?post=24983"},{"taxonomy":"post_tag","embeddable":true,"href":"https:\/\/trayectoriadeportiva.com\/index.php\/wp-json\/wp\/v2\/tags?post=24983"}],"curies":[{"name":"wp","href":"https:\/\/api.w.org\/{rel}","templated":true}]}}