{"id":25142,"date":"2025-02-13T19:24:17","date_gmt":"2025-02-13T19:24:17","guid":{"rendered":"https:\/\/trayectoriadeportiva.com\/index.php\/2025\/02\/13\/eclipse-verdinegro-en-gran-canaria\/"},"modified":"2025-02-13T19:24:17","modified_gmt":"2025-02-13T19:24:17","slug":"eclipse-verdinegro-en-gran-canaria","status":"publish","type":"post","link":"https:\/\/trayectoriadeportiva.com\/index.php\/2025\/02\/13\/eclipse-verdinegro-en-gran-canaria\/","title":{"rendered":"Eclipse verdinegro en Gran Canaria"},"content":{"rendered":"<p>Demasiado pronto despert\u00f3 el Joventut del sue\u00f1o copero, arrollado en la segunda parte por un Unicaja con muchas m\u00e1s tablas y que tambi\u00e9n pareci\u00f3 tener m\u00e1s hambre, convertido en semifinalista sin atisbo de duda ni apelaci\u00f3n. El equipo de Miret, en evidente crecimiento este curso, desapareci\u00f3 del parquet tras el paso por vestuarios falto de recursos, con Dekker como clavo ardiendo y Tomic demasiado solo en la pintura, terriblemente desacertada la tarde para Pustovyi.<\/p>\n<p><a href=\"https:\/\/www.lavanguardia.com\/deportes\/baloncesto\/20250213\/10384360\/unicaja-joventut-copa-del-rey-resumen.html\">Seguir leyendo&#8230;<\/a><\/p>","protected":false},"excerpt":{"rendered":"<p>Demasiado pronto despert\u00f3 el Joventut del sue\u00f1o copero, arrollado en la segunda parte por un Unicaja con muchas m\u00e1s tablas y que tambi\u00e9n pareci\u00f3 tener m\u00e1s hambre, convertido en semifinalista sin atisbo de duda ni apelaci\u00f3n. El equipo de Miret, en evidente crecimiento este curso, desapareci\u00f3 del parquet tras el paso por vestuarios falto de [&hellip;]<\/p>\n","protected":false},"author":1,"featured_media":25143,"comment_status":"","ping_status":"","sticky":false,"template":"","format":"standard","meta":{"_et_pb_use_builder":"","_et_pb_old_content":"","_et_gb_content_width":"","footnotes":""},"categories":[1],"tags":[],"class_list":["post-25142","post","type-post","status-publish","format-standard","has-post-thumbnail","hentry","category-blog","et-has-post-format-content","et_post_format-et-post-format-standard"],"_links":{"self":[{"href":"https:\/\/trayectoriadeportiva.com\/index.php\/wp-json\/wp\/v2\/posts\/25142","targetHints":{"allow":["GET"]}}],"collection":[{"href":"https:\/\/trayectoriadeportiva.com\/index.php\/wp-json\/wp\/v2\/posts"}],"about":[{"href":"https:\/\/trayectoriadeportiva.com\/index.php\/wp-json\/wp\/v2\/types\/post"}],"author":[{"embeddable":true,"href":"https:\/\/trayectoriadeportiva.com\/index.php\/wp-json\/wp\/v2\/users\/1"}],"replies":[{"embeddable":true,"href":"https:\/\/trayectoriadeportiva.com\/index.php\/wp-json\/wp\/v2\/comments?post=25142"}],"version-history":[{"count":0,"href":"https:\/\/trayectoriadeportiva.com\/index.php\/wp-json\/wp\/v2\/posts\/25142\/revisions"}],"wp:featuredmedia":[{"embeddable":true,"href":"https:\/\/trayectoriadeportiva.com\/index.php\/wp-json\/wp\/v2\/media\/25143"}],"wp:attachment":[{"href":"https:\/\/trayectoriadeportiva.com\/index.php\/wp-json\/wp\/v2\/media?parent=25142"}],"wp:term":[{"taxonomy":"category","embeddable":true,"href":"https:\/\/trayectoriadeportiva.com\/index.php\/wp-json\/wp\/v2\/categories?post=25142"},{"taxonomy":"post_tag","embeddable":true,"href":"https:\/\/trayectoriadeportiva.com\/index.php\/wp-json\/wp\/v2\/tags?post=25142"}],"curies":[{"name":"wp","href":"https:\/\/api.w.org\/{rel}","templated":true}]}}