{"id":25325,"date":"2025-02-17T05:00:00","date_gmt":"2025-02-17T05:00:00","guid":{"rendered":"https:\/\/trayectoriadeportiva.com\/index.php\/2025\/02\/17\/traductores-traidores\/"},"modified":"2025-02-17T05:00:00","modified_gmt":"2025-02-17T05:00:00","slug":"traductores-traidores","status":"publish","type":"post","link":"https:\/\/trayectoriadeportiva.com\/index.php\/2025\/02\/17\/traductores-traidores\/","title":{"rendered":"Traductores traidores"},"content":{"rendered":"<p>No es la primera vez que un jugador de \u00e9lite, como Jude Bellingham, afirma que le han malinterpretado y que, por un malentendido de la traducci\u00f3n, lo han expulsado injustamente. Si fuera jugador de un equipo modesto, no perder\u00edamos ni un minuto en analizar los matices del insulto que le lanz\u00f3 al \u00e1rbitro. Pero el Madrid tiene un protagonismo medi\u00e1tico que incluye una atenci\u00f3n proporcional a su importancia, categor\u00eda y riqueza. Y, adem\u00e1s, a las periferias parasitarias y los oportunismos que comporta.<\/p>\n<p><a href=\"https:\/\/www.lavanguardia.com\/deportes\/futbol\/20250217\/10391705\/traductores-traidores.html\">Seguir leyendo&#8230;<\/a><\/p>","protected":false},"excerpt":{"rendered":"<p>No es la primera vez que un jugador de \u00e9lite, como Jude Bellingham, afirma que le han malinterpretado y que, por un malentendido de la traducci\u00f3n, lo han expulsado injustamente. Si fuera jugador de un equipo modesto, no perder\u00edamos ni un minuto en analizar los matices del insulto que le lanz\u00f3 al \u00e1rbitro. Pero el [&hellip;]<\/p>\n","protected":false},"author":1,"featured_media":25326,"comment_status":"","ping_status":"","sticky":false,"template":"","format":"standard","meta":{"_et_pb_use_builder":"","_et_pb_old_content":"","_et_gb_content_width":"","footnotes":""},"categories":[1],"tags":[],"class_list":["post-25325","post","type-post","status-publish","format-standard","has-post-thumbnail","hentry","category-blog","et-has-post-format-content","et_post_format-et-post-format-standard"],"_links":{"self":[{"href":"https:\/\/trayectoriadeportiva.com\/index.php\/wp-json\/wp\/v2\/posts\/25325","targetHints":{"allow":["GET"]}}],"collection":[{"href":"https:\/\/trayectoriadeportiva.com\/index.php\/wp-json\/wp\/v2\/posts"}],"about":[{"href":"https:\/\/trayectoriadeportiva.com\/index.php\/wp-json\/wp\/v2\/types\/post"}],"author":[{"embeddable":true,"href":"https:\/\/trayectoriadeportiva.com\/index.php\/wp-json\/wp\/v2\/users\/1"}],"replies":[{"embeddable":true,"href":"https:\/\/trayectoriadeportiva.com\/index.php\/wp-json\/wp\/v2\/comments?post=25325"}],"version-history":[{"count":0,"href":"https:\/\/trayectoriadeportiva.com\/index.php\/wp-json\/wp\/v2\/posts\/25325\/revisions"}],"wp:featuredmedia":[{"embeddable":true,"href":"https:\/\/trayectoriadeportiva.com\/index.php\/wp-json\/wp\/v2\/media\/25326"}],"wp:attachment":[{"href":"https:\/\/trayectoriadeportiva.com\/index.php\/wp-json\/wp\/v2\/media?parent=25325"}],"wp:term":[{"taxonomy":"category","embeddable":true,"href":"https:\/\/trayectoriadeportiva.com\/index.php\/wp-json\/wp\/v2\/categories?post=25325"},{"taxonomy":"post_tag","embeddable":true,"href":"https:\/\/trayectoriadeportiva.com\/index.php\/wp-json\/wp\/v2\/tags?post=25325"}],"curies":[{"name":"wp","href":"https:\/\/api.w.org\/{rel}","templated":true}]}}