{"id":25390,"date":"2025-02-18T09:08:10","date_gmt":"2025-02-18T09:08:10","guid":{"rendered":"https:\/\/trayectoriadeportiva.com\/index.php\/2025\/02\/18\/djokovic-denuncia-favoritismo-hacia-sinner-y-swiatek-por-sus-cortas-sanciones\/"},"modified":"2025-02-18T09:08:10","modified_gmt":"2025-02-18T09:08:10","slug":"djokovic-denuncia-favoritismo-hacia-sinner-y-swiatek-por-sus-cortas-sanciones","status":"publish","type":"post","link":"https:\/\/trayectoriadeportiva.com\/index.php\/2025\/02\/18\/djokovic-denuncia-favoritismo-hacia-sinner-y-swiatek-por-sus-cortas-sanciones\/","title":{"rendered":"Djokovic denuncia \u201cfavoritismo\u201d hacia Sinner y Swiatek por sus cortas sanciones"},"content":{"rendered":"<p>Novak Djokovic desvel\u00f3 antes de debutar en el Abierto de Qatar que la corta sanci\u00f3n, solo tres meses, a Jannick Sinner despu\u00e9s de dar positivo por dopaje, ha supuesto un cisma entre los jugadores. El serbio asegur\u00f3 que la mayor\u00eda de los tenistas han perdido la fe en las autoridades antidopaje y existe un sentimiento generalizado de que se est\u00e1 mostrando \u201cfavoritismo\u201d hacia las mayores estrellas de este deporte. <\/p>\n<p><a href=\"https:\/\/www.lavanguardia.com\/deportes\/tenis\/20250218\/10396180\/djokovic-favoritismo-sinner-swiatek-sanciones-dopaje.html\">Seguir leyendo&#8230;<\/a><\/p>","protected":false},"excerpt":{"rendered":"<p>Novak Djokovic desvel\u00f3 antes de debutar en el Abierto de Qatar que la corta sanci\u00f3n, solo tres meses, a Jannick Sinner despu\u00e9s de dar positivo por dopaje, ha supuesto un cisma entre los jugadores. El serbio asegur\u00f3 que la mayor\u00eda de los tenistas han perdido la fe en las autoridades antidopaje y existe un sentimiento [&hellip;]<\/p>\n","protected":false},"author":1,"featured_media":25391,"comment_status":"","ping_status":"","sticky":false,"template":"","format":"standard","meta":{"_et_pb_use_builder":"","_et_pb_old_content":"","_et_gb_content_width":"","footnotes":""},"categories":[1],"tags":[],"class_list":["post-25390","post","type-post","status-publish","format-standard","has-post-thumbnail","hentry","category-blog","et-has-post-format-content","et_post_format-et-post-format-standard"],"_links":{"self":[{"href":"https:\/\/trayectoriadeportiva.com\/index.php\/wp-json\/wp\/v2\/posts\/25390","targetHints":{"allow":["GET"]}}],"collection":[{"href":"https:\/\/trayectoriadeportiva.com\/index.php\/wp-json\/wp\/v2\/posts"}],"about":[{"href":"https:\/\/trayectoriadeportiva.com\/index.php\/wp-json\/wp\/v2\/types\/post"}],"author":[{"embeddable":true,"href":"https:\/\/trayectoriadeportiva.com\/index.php\/wp-json\/wp\/v2\/users\/1"}],"replies":[{"embeddable":true,"href":"https:\/\/trayectoriadeportiva.com\/index.php\/wp-json\/wp\/v2\/comments?post=25390"}],"version-history":[{"count":0,"href":"https:\/\/trayectoriadeportiva.com\/index.php\/wp-json\/wp\/v2\/posts\/25390\/revisions"}],"wp:featuredmedia":[{"embeddable":true,"href":"https:\/\/trayectoriadeportiva.com\/index.php\/wp-json\/wp\/v2\/media\/25391"}],"wp:attachment":[{"href":"https:\/\/trayectoriadeportiva.com\/index.php\/wp-json\/wp\/v2\/media?parent=25390"}],"wp:term":[{"taxonomy":"category","embeddable":true,"href":"https:\/\/trayectoriadeportiva.com\/index.php\/wp-json\/wp\/v2\/categories?post=25390"},{"taxonomy":"post_tag","embeddable":true,"href":"https:\/\/trayectoriadeportiva.com\/index.php\/wp-json\/wp\/v2\/tags?post=25390"}],"curies":[{"name":"wp","href":"https:\/\/api.w.org\/{rel}","templated":true}]}}