{"id":25400,"date":"2025-02-18T12:53:10","date_gmt":"2025-02-18T12:53:10","guid":{"rendered":"https:\/\/trayectoriadeportiva.com\/index.php\/2025\/02\/18\/ancelotti-estoy-mas-tranquilo-con-los-arbitrajes-en-europa\/"},"modified":"2025-02-18T12:53:10","modified_gmt":"2025-02-18T12:53:10","slug":"ancelotti-estoy-mas-tranquilo-con-los-arbitrajes-en-europa","status":"publish","type":"post","link":"https:\/\/trayectoriadeportiva.com\/index.php\/2025\/02\/18\/ancelotti-estoy-mas-tranquilo-con-los-arbitrajes-en-europa\/","title":{"rendered":"Ancelotti: \u201cEstoy m\u00e1s tranquilo con los arbitrajes en Europa\u201d"},"content":{"rendered":"<p>El Real Madrid recibe ma\u00f1ana al Manchester City en la vuelta del playoff de la Champions no solo enfocado en superar la eliminatoria que viene de cara por el 2-3 de la ida sino en plena indignaci\u00f3n por los arbitrajes que est\u00e1 sufriendo en la Liga. Ma\u00f1ana el Bernab\u00e9u ser\u00e1 una olla presi\u00f3n m\u00e1s que contra el City, (que tambi\u00e9n porque poca gente hay dentro del f\u00fatbol que sea m\u00e1s detestado por el madridismo que Pep Guardiola), contra la Federaci\u00f3n y el Comit\u00e9 T\u00e9cnico de \u00c1rbitros y sus decisiones que el club blanco considera totalmente tendenciosas y que adulteran la Liga.<\/p>\n<p><a href=\"https:\/\/www.lavanguardia.com\/deportes\/real-madrid\/20250218\/10397369\/ancelotti-mas-tranquilo-arbitrajes-europa.html\">Seguir leyendo&#8230;<\/a><\/p>","protected":false},"excerpt":{"rendered":"<p>El Real Madrid recibe ma\u00f1ana al Manchester City en la vuelta del playoff de la Champions no solo enfocado en superar la eliminatoria que viene de cara por el 2-3 de la ida sino en plena indignaci\u00f3n por los arbitrajes que est\u00e1 sufriendo en la Liga. Ma\u00f1ana el Bernab\u00e9u ser\u00e1 una olla presi\u00f3n m\u00e1s que [&hellip;]<\/p>\n","protected":false},"author":1,"featured_media":25401,"comment_status":"","ping_status":"","sticky":false,"template":"","format":"standard","meta":{"_et_pb_use_builder":"","_et_pb_old_content":"","_et_gb_content_width":"","footnotes":""},"categories":[1],"tags":[],"class_list":["post-25400","post","type-post","status-publish","format-standard","has-post-thumbnail","hentry","category-blog","et-has-post-format-content","et_post_format-et-post-format-standard"],"_links":{"self":[{"href":"https:\/\/trayectoriadeportiva.com\/index.php\/wp-json\/wp\/v2\/posts\/25400","targetHints":{"allow":["GET"]}}],"collection":[{"href":"https:\/\/trayectoriadeportiva.com\/index.php\/wp-json\/wp\/v2\/posts"}],"about":[{"href":"https:\/\/trayectoriadeportiva.com\/index.php\/wp-json\/wp\/v2\/types\/post"}],"author":[{"embeddable":true,"href":"https:\/\/trayectoriadeportiva.com\/index.php\/wp-json\/wp\/v2\/users\/1"}],"replies":[{"embeddable":true,"href":"https:\/\/trayectoriadeportiva.com\/index.php\/wp-json\/wp\/v2\/comments?post=25400"}],"version-history":[{"count":0,"href":"https:\/\/trayectoriadeportiva.com\/index.php\/wp-json\/wp\/v2\/posts\/25400\/revisions"}],"wp:featuredmedia":[{"embeddable":true,"href":"https:\/\/trayectoriadeportiva.com\/index.php\/wp-json\/wp\/v2\/media\/25401"}],"wp:attachment":[{"href":"https:\/\/trayectoriadeportiva.com\/index.php\/wp-json\/wp\/v2\/media?parent=25400"}],"wp:term":[{"taxonomy":"category","embeddable":true,"href":"https:\/\/trayectoriadeportiva.com\/index.php\/wp-json\/wp\/v2\/categories?post=25400"},{"taxonomy":"post_tag","embeddable":true,"href":"https:\/\/trayectoriadeportiva.com\/index.php\/wp-json\/wp\/v2\/tags?post=25400"}],"curies":[{"name":"wp","href":"https:\/\/api.w.org\/{rel}","templated":true}]}}