{"id":25474,"date":"2025-02-19T22:00:30","date_gmt":"2025-02-19T22:00:30","guid":{"rendered":"https:\/\/trayectoriadeportiva.com\/index.php\/2025\/02\/19\/mbappe-destroza-al-manchester-city\/"},"modified":"2025-02-19T22:00:30","modified_gmt":"2025-02-19T22:00:30","slug":"mbappe-destroza-al-manchester-city","status":"publish","type":"post","link":"https:\/\/trayectoriadeportiva.com\/index.php\/2025\/02\/19\/mbappe-destroza-al-manchester-city\/","title":{"rendered":"Mbapp\u00e9 destroza al Manchester City"},"content":{"rendered":"<p>El Real Madrid se queda y el Manchester City deja la competici\u00f3n tras una eliminatoria que se presum\u00eda igualada y que solo tuvo color blanco, muy superiores los de Ancelotti a los de Pep Guardiola en los dos partidos, con un  City que estuvo irreconocible, sin alma y sin poder escapar a una din\u00e1mica negativa que arrastra toda la temporada. Fue la noche estelar de Mbapp\u00e9, la que estaba buscando en la Champions, y en la que masacr\u00f3 al City con un hat trick. Algo que ante un equipo de Guardiola le garantiza un sitio de honor en el santoral del madridismo.<\/p>\n<p><a href=\"https:\/\/www.lavanguardia.com\/deportes\/real-madrid\/20250219\/10403465\/madrid-cronica-castellana-novo-ctx.html\">Seguir leyendo&#8230;<\/a><\/p>","protected":false},"excerpt":{"rendered":"<p>El Real Madrid se queda y el Manchester City deja la competici\u00f3n tras una eliminatoria que se presum\u00eda igualada y que solo tuvo color blanco, muy superiores los de Ancelotti a los de Pep Guardiola en los dos partidos, con un City que estuvo irreconocible, sin alma y sin poder escapar a una din\u00e1mica negativa [&hellip;]<\/p>\n","protected":false},"author":1,"featured_media":25475,"comment_status":"","ping_status":"","sticky":false,"template":"","format":"standard","meta":{"_et_pb_use_builder":"","_et_pb_old_content":"","_et_gb_content_width":"","footnotes":""},"categories":[1],"tags":[],"class_list":["post-25474","post","type-post","status-publish","format-standard","has-post-thumbnail","hentry","category-blog","et-has-post-format-content","et_post_format-et-post-format-standard"],"_links":{"self":[{"href":"https:\/\/trayectoriadeportiva.com\/index.php\/wp-json\/wp\/v2\/posts\/25474","targetHints":{"allow":["GET"]}}],"collection":[{"href":"https:\/\/trayectoriadeportiva.com\/index.php\/wp-json\/wp\/v2\/posts"}],"about":[{"href":"https:\/\/trayectoriadeportiva.com\/index.php\/wp-json\/wp\/v2\/types\/post"}],"author":[{"embeddable":true,"href":"https:\/\/trayectoriadeportiva.com\/index.php\/wp-json\/wp\/v2\/users\/1"}],"replies":[{"embeddable":true,"href":"https:\/\/trayectoriadeportiva.com\/index.php\/wp-json\/wp\/v2\/comments?post=25474"}],"version-history":[{"count":0,"href":"https:\/\/trayectoriadeportiva.com\/index.php\/wp-json\/wp\/v2\/posts\/25474\/revisions"}],"wp:featuredmedia":[{"embeddable":true,"href":"https:\/\/trayectoriadeportiva.com\/index.php\/wp-json\/wp\/v2\/media\/25475"}],"wp:attachment":[{"href":"https:\/\/trayectoriadeportiva.com\/index.php\/wp-json\/wp\/v2\/media?parent=25474"}],"wp:term":[{"taxonomy":"category","embeddable":true,"href":"https:\/\/trayectoriadeportiva.com\/index.php\/wp-json\/wp\/v2\/categories?post=25474"},{"taxonomy":"post_tag","embeddable":true,"href":"https:\/\/trayectoriadeportiva.com\/index.php\/wp-json\/wp\/v2\/tags?post=25474"}],"curies":[{"name":"wp","href":"https:\/\/api.w.org\/{rel}","templated":true}]}}