{"id":25489,"date":"2025-02-20T09:21:39","date_gmt":"2025-02-20T09:21:39","guid":{"rendered":"https:\/\/trayectoriadeportiva.com\/index.php\/2025\/02\/20\/doncic-pide-tiempo-para-recuperar-su-forma-me-cuesta-mucho-con-las-piernas\/"},"modified":"2025-02-20T09:21:39","modified_gmt":"2025-02-20T09:21:39","slug":"doncic-pide-tiempo-para-recuperar-su-forma-me-cuesta-mucho-con-las-piernas","status":"publish","type":"post","link":"https:\/\/trayectoriadeportiva.com\/index.php\/2025\/02\/20\/doncic-pide-tiempo-para-recuperar-su-forma-me-cuesta-mucho-con-las-piernas\/","title":{"rendered":"Doncic pide tiempo para recuperar su forma: \u201cMe cuesta mucho con las piernas\u201d"},"content":{"rendered":"<p>Luka Doncic, que volvi\u00f3 a reflejar este mi\u00e9rcoles que todav\u00eda est\u00e1 muy lejos de su mejor nivel, reconoci\u00f3 que necesita tiempo y margen para recuperar su forma f\u00edsica tras la lesi\u00f3n y para adaptarse a su nuevo equipo, Los Angeles Lakers.<\/p>\n<p><a href=\"https:\/\/www.lavanguardia.com\/deportes\/baloncesto\/nba\/20250220\/10404460\/doncic-pide-recuperar-forma-me-cuesta-piernas.html\">Seguir leyendo&#8230;<\/a><\/p>","protected":false},"excerpt":{"rendered":"<p>Luka Doncic, que volvi\u00f3 a reflejar este mi\u00e9rcoles que todav\u00eda est\u00e1 muy lejos de su mejor nivel, reconoci\u00f3 que necesita tiempo y margen para recuperar su forma f\u00edsica tras la lesi\u00f3n y para adaptarse a su nuevo equipo, Los Angeles Lakers. Seguir leyendo&#8230;<\/p>\n","protected":false},"author":1,"featured_media":25490,"comment_status":"","ping_status":"","sticky":false,"template":"","format":"standard","meta":{"_et_pb_use_builder":"","_et_pb_old_content":"","_et_gb_content_width":"","footnotes":""},"categories":[1],"tags":[],"class_list":["post-25489","post","type-post","status-publish","format-standard","has-post-thumbnail","hentry","category-blog","et-has-post-format-content","et_post_format-et-post-format-standard"],"_links":{"self":[{"href":"https:\/\/trayectoriadeportiva.com\/index.php\/wp-json\/wp\/v2\/posts\/25489","targetHints":{"allow":["GET"]}}],"collection":[{"href":"https:\/\/trayectoriadeportiva.com\/index.php\/wp-json\/wp\/v2\/posts"}],"about":[{"href":"https:\/\/trayectoriadeportiva.com\/index.php\/wp-json\/wp\/v2\/types\/post"}],"author":[{"embeddable":true,"href":"https:\/\/trayectoriadeportiva.com\/index.php\/wp-json\/wp\/v2\/users\/1"}],"replies":[{"embeddable":true,"href":"https:\/\/trayectoriadeportiva.com\/index.php\/wp-json\/wp\/v2\/comments?post=25489"}],"version-history":[{"count":0,"href":"https:\/\/trayectoriadeportiva.com\/index.php\/wp-json\/wp\/v2\/posts\/25489\/revisions"}],"wp:featuredmedia":[{"embeddable":true,"href":"https:\/\/trayectoriadeportiva.com\/index.php\/wp-json\/wp\/v2\/media\/25490"}],"wp:attachment":[{"href":"https:\/\/trayectoriadeportiva.com\/index.php\/wp-json\/wp\/v2\/media?parent=25489"}],"wp:term":[{"taxonomy":"category","embeddable":true,"href":"https:\/\/trayectoriadeportiva.com\/index.php\/wp-json\/wp\/v2\/categories?post=25489"},{"taxonomy":"post_tag","embeddable":true,"href":"https:\/\/trayectoriadeportiva.com\/index.php\/wp-json\/wp\/v2\/tags?post=25489"}],"curies":[{"name":"wp","href":"https:\/\/api.w.org\/{rel}","templated":true}]}}