{"id":25531,"date":"2025-02-21T11:48:17","date_gmt":"2025-02-21T11:48:17","guid":{"rendered":"https:\/\/trayectoriadeportiva.com\/index.php\/2025\/02\/21\/el-barca-ante-su-gran-oportunidad\/"},"modified":"2025-02-21T11:48:17","modified_gmt":"2025-02-21T11:48:17","slug":"el-barca-ante-su-gran-oportunidad","status":"publish","type":"post","link":"https:\/\/trayectoriadeportiva.com\/index.php\/2025\/02\/21\/el-barca-ante-su-gran-oportunidad\/","title":{"rendered":"El Bar\u00e7a, ante su gran oportunidad"},"content":{"rendered":"<p>La Champions la carga el diablo y cualquier detalle puede dejarte en la cuneta pero no hay duda de que el Bar\u00e7a cuenta con una buena oportunidad para llegar lejos en la competici\u00f3n europea. A los barcelonistas les falta experiencia, por lo novel de su plantilla, y tambi\u00e9n carecen de arraigo en el torneo en los \u00faltimos a\u00f1os. Esos intangibles que da el jugar eliminatorias a cara y cruz de forma continua el Barcelona no los tiene. Ese poso que precisamente le sobra al Madrid. Pero si no aprovecha su brillante coyuntura y un camino despejado, dentro de un orden, el equipo de Flick habr\u00e1 lanzado a la papelera una ocasi\u00f3n magn\u00edfica. Ha demostrado capacidad, piernas, ritmo e ilusi\u00f3n. Su f\u00fatbol ha adquirido una velocidad de ejecuci\u00f3n que le homologa para estar entre los equipos destacados de la Champions pero no puede relajarse ni lo m\u00e1s m\u00ednimo.<\/p>\n<p><a href=\"https:\/\/www.lavanguardia.com\/deportes\/fc-barcelona\/20250221\/10409371\/barca-gran-oportunidad.html\">Seguir leyendo&#8230;<\/a><\/p>","protected":false},"excerpt":{"rendered":"<p>La Champions la carga el diablo y cualquier detalle puede dejarte en la cuneta pero no hay duda de que el Bar\u00e7a cuenta con una buena oportunidad para llegar lejos en la competici\u00f3n europea. A los barcelonistas les falta experiencia, por lo novel de su plantilla, y tambi\u00e9n carecen de arraigo en el torneo en [&hellip;]<\/p>\n","protected":false},"author":1,"featured_media":25532,"comment_status":"","ping_status":"","sticky":false,"template":"","format":"standard","meta":{"_et_pb_use_builder":"","_et_pb_old_content":"","_et_gb_content_width":"","footnotes":""},"categories":[1],"tags":[],"class_list":["post-25531","post","type-post","status-publish","format-standard","has-post-thumbnail","hentry","category-blog","et-has-post-format-content","et_post_format-et-post-format-standard"],"_links":{"self":[{"href":"https:\/\/trayectoriadeportiva.com\/index.php\/wp-json\/wp\/v2\/posts\/25531","targetHints":{"allow":["GET"]}}],"collection":[{"href":"https:\/\/trayectoriadeportiva.com\/index.php\/wp-json\/wp\/v2\/posts"}],"about":[{"href":"https:\/\/trayectoriadeportiva.com\/index.php\/wp-json\/wp\/v2\/types\/post"}],"author":[{"embeddable":true,"href":"https:\/\/trayectoriadeportiva.com\/index.php\/wp-json\/wp\/v2\/users\/1"}],"replies":[{"embeddable":true,"href":"https:\/\/trayectoriadeportiva.com\/index.php\/wp-json\/wp\/v2\/comments?post=25531"}],"version-history":[{"count":0,"href":"https:\/\/trayectoriadeportiva.com\/index.php\/wp-json\/wp\/v2\/posts\/25531\/revisions"}],"wp:featuredmedia":[{"embeddable":true,"href":"https:\/\/trayectoriadeportiva.com\/index.php\/wp-json\/wp\/v2\/media\/25532"}],"wp:attachment":[{"href":"https:\/\/trayectoriadeportiva.com\/index.php\/wp-json\/wp\/v2\/media?parent=25531"}],"wp:term":[{"taxonomy":"category","embeddable":true,"href":"https:\/\/trayectoriadeportiva.com\/index.php\/wp-json\/wp\/v2\/categories?post=25531"},{"taxonomy":"post_tag","embeddable":true,"href":"https:\/\/trayectoriadeportiva.com\/index.php\/wp-json\/wp\/v2\/tags?post=25531"}],"curies":[{"name":"wp","href":"https:\/\/api.w.org\/{rel}","templated":true}]}}