{"id":25579,"date":"2025-02-22T12:22:07","date_gmt":"2025-02-22T12:22:07","guid":{"rendered":"https:\/\/trayectoriadeportiva.com\/index.php\/2025\/02\/22\/ancelotti-nuestra-calidad-y-la-del-atletico-es-parecida\/"},"modified":"2025-02-22T12:22:07","modified_gmt":"2025-02-22T12:22:07","slug":"ancelotti-nuestra-calidad-y-la-del-atletico-es-parecida","status":"publish","type":"post","link":"https:\/\/trayectoriadeportiva.com\/index.php\/2025\/02\/22\/ancelotti-nuestra-calidad-y-la-del-atletico-es-parecida\/","title":{"rendered":"Ancelotti: \u201cNuestra calidad y la del Atl\u00e9tico es parecida\u201d"},"content":{"rendered":"<p>La victoria sobre el Manchester City y el pase a los octavos de final en la Champions ha rebajado el ruido ambiental provocado por el Real Madrid y su campa\u00f1a de quejas por los arbitrajes. Por primera vez en varias semanas, en su rueda de prensa, Carlo Ancelotti se olvid\u00f3 del victimismo y ofreci\u00f3 una comparecencia de lo m\u00e1s anodina. El foco del club est\u00e1 ahora en la eliminatoria ante el Atl\u00e9tico, que comienza ya este martes en el Bernab\u00e9u. Ancelotti no ve a ninguno de los dos favorito: \u201cVa a ser dif\u00edcil, como siempre, una eliminatoria bonita, entretenida y con equilibrio. La calidad de los dos equipos es parecida\u201d, afirm\u00f3.<\/p>\n<p><a href=\"https:\/\/www.lavanguardia.com\/deportes\/real-madrid\/20250222\/10412523\/ancelotti-nuestra-calidad-atletico-parecida.html\">Seguir leyendo&#8230;<\/a><\/p>","protected":false},"excerpt":{"rendered":"<p>La victoria sobre el Manchester City y el pase a los octavos de final en la Champions ha rebajado el ruido ambiental provocado por el Real Madrid y su campa\u00f1a de quejas por los arbitrajes. Por primera vez en varias semanas, en su rueda de prensa, Carlo Ancelotti se olvid\u00f3 del victimismo y ofreci\u00f3 una [&hellip;]<\/p>\n","protected":false},"author":1,"featured_media":25580,"comment_status":"","ping_status":"","sticky":false,"template":"","format":"standard","meta":{"_et_pb_use_builder":"","_et_pb_old_content":"","_et_gb_content_width":"","footnotes":""},"categories":[1],"tags":[],"class_list":["post-25579","post","type-post","status-publish","format-standard","has-post-thumbnail","hentry","category-blog","et-has-post-format-content","et_post_format-et-post-format-standard"],"_links":{"self":[{"href":"https:\/\/trayectoriadeportiva.com\/index.php\/wp-json\/wp\/v2\/posts\/25579","targetHints":{"allow":["GET"]}}],"collection":[{"href":"https:\/\/trayectoriadeportiva.com\/index.php\/wp-json\/wp\/v2\/posts"}],"about":[{"href":"https:\/\/trayectoriadeportiva.com\/index.php\/wp-json\/wp\/v2\/types\/post"}],"author":[{"embeddable":true,"href":"https:\/\/trayectoriadeportiva.com\/index.php\/wp-json\/wp\/v2\/users\/1"}],"replies":[{"embeddable":true,"href":"https:\/\/trayectoriadeportiva.com\/index.php\/wp-json\/wp\/v2\/comments?post=25579"}],"version-history":[{"count":0,"href":"https:\/\/trayectoriadeportiva.com\/index.php\/wp-json\/wp\/v2\/posts\/25579\/revisions"}],"wp:featuredmedia":[{"embeddable":true,"href":"https:\/\/trayectoriadeportiva.com\/index.php\/wp-json\/wp\/v2\/media\/25580"}],"wp:attachment":[{"href":"https:\/\/trayectoriadeportiva.com\/index.php\/wp-json\/wp\/v2\/media?parent=25579"}],"wp:term":[{"taxonomy":"category","embeddable":true,"href":"https:\/\/trayectoriadeportiva.com\/index.php\/wp-json\/wp\/v2\/categories?post=25579"},{"taxonomy":"post_tag","embeddable":true,"href":"https:\/\/trayectoriadeportiva.com\/index.php\/wp-json\/wp\/v2\/tags?post=25579"}],"curies":[{"name":"wp","href":"https:\/\/api.w.org\/{rel}","templated":true}]}}