{"id":25636,"date":"2025-02-23T05:00:00","date_gmt":"2025-02-23T05:00:00","guid":{"rendered":"https:\/\/trayectoriadeportiva.com\/index.php\/2025\/02\/23\/manchester-city-la-caida-del-equipo-perfecto\/"},"modified":"2025-02-23T05:00:00","modified_gmt":"2025-02-23T05:00:00","slug":"manchester-city-la-caida-del-equipo-perfecto","status":"publish","type":"post","link":"https:\/\/trayectoriadeportiva.com\/index.php\/2025\/02\/23\/manchester-city-la-caida-del-equipo-perfecto\/","title":{"rendered":"Manchester City, la ca\u00edda del equipo perfecto"},"content":{"rendered":"<p>&#8220;Un poco s\u00ed. Ya estamos cambiando cosas\u201d. Estas fueron las palabras de <a href=\"https:\/\/www.lavanguardia.com\/deportes\/futbol\/20221123\/8618378\/pep-guardiola-renueva-manchester-city-2025.html\">Pep Guardiola<\/a> cuando se le pregunt\u00f3 si <a href=\"https:\/\/www.lavanguardia.com\/deportes\/real-madrid\/20250219\/10401059\/mbappe-destroza-manchester-city.html\">la eliminaci\u00f3n en la Champions<\/a> supon\u00eda un fin de ciclo. Y es que el Manchester City ha pasado de ser el mejor equipo del continente a un conjunto fr\u00e1gil. Una ca\u00edda basada en varios puntos.<\/p>\n<p><a href=\"https:\/\/www.lavanguardia.com\/deportes\/futbol\/20250223\/10413009\/manchester-city-caida-equipo-perfecto.html\">Seguir leyendo&#8230;<\/a><\/p>","protected":false},"excerpt":{"rendered":"<p>&#8220;Un poco s\u00ed. Ya estamos cambiando cosas\u201d. Estas fueron las palabras de Pep Guardiola cuando se le pregunt\u00f3 si la eliminaci\u00f3n en la Champions supon\u00eda un fin de ciclo. Y es que el Manchester City ha pasado de ser el mejor equipo del continente a un conjunto fr\u00e1gil. Una ca\u00edda basada en varios puntos. Seguir [&hellip;]<\/p>\n","protected":false},"author":1,"featured_media":25637,"comment_status":"","ping_status":"","sticky":false,"template":"","format":"standard","meta":{"_et_pb_use_builder":"","_et_pb_old_content":"","_et_gb_content_width":"","footnotes":""},"categories":[1],"tags":[],"class_list":["post-25636","post","type-post","status-publish","format-standard","has-post-thumbnail","hentry","category-blog","et-has-post-format-content","et_post_format-et-post-format-standard"],"_links":{"self":[{"href":"https:\/\/trayectoriadeportiva.com\/index.php\/wp-json\/wp\/v2\/posts\/25636","targetHints":{"allow":["GET"]}}],"collection":[{"href":"https:\/\/trayectoriadeportiva.com\/index.php\/wp-json\/wp\/v2\/posts"}],"about":[{"href":"https:\/\/trayectoriadeportiva.com\/index.php\/wp-json\/wp\/v2\/types\/post"}],"author":[{"embeddable":true,"href":"https:\/\/trayectoriadeportiva.com\/index.php\/wp-json\/wp\/v2\/users\/1"}],"replies":[{"embeddable":true,"href":"https:\/\/trayectoriadeportiva.com\/index.php\/wp-json\/wp\/v2\/comments?post=25636"}],"version-history":[{"count":0,"href":"https:\/\/trayectoriadeportiva.com\/index.php\/wp-json\/wp\/v2\/posts\/25636\/revisions"}],"wp:featuredmedia":[{"embeddable":true,"href":"https:\/\/trayectoriadeportiva.com\/index.php\/wp-json\/wp\/v2\/media\/25637"}],"wp:attachment":[{"href":"https:\/\/trayectoriadeportiva.com\/index.php\/wp-json\/wp\/v2\/media?parent=25636"}],"wp:term":[{"taxonomy":"category","embeddable":true,"href":"https:\/\/trayectoriadeportiva.com\/index.php\/wp-json\/wp\/v2\/categories?post=25636"},{"taxonomy":"post_tag","embeddable":true,"href":"https:\/\/trayectoriadeportiva.com\/index.php\/wp-json\/wp\/v2\/tags?post=25636"}],"curies":[{"name":"wp","href":"https:\/\/api.w.org\/{rel}","templated":true}]}}