{"id":25638,"date":"2025-02-23T07:09:14","date_gmt":"2025-02-23T07:09:14","guid":{"rendered":"https:\/\/trayectoriadeportiva.com\/index.php\/2025\/02\/23\/toda-la-historia-de-real-madrid-tv\/"},"modified":"2025-02-23T07:09:14","modified_gmt":"2025-02-23T07:09:14","slug":"toda-la-historia-de-real-madrid-tv","status":"publish","type":"post","link":"https:\/\/trayectoriadeportiva.com\/index.php\/2025\/02\/23\/toda-la-historia-de-real-madrid-tv\/","title":{"rendered":"Toda la historia de Real Madrid TV"},"content":{"rendered":"<p>El 14 de febrero de 1999 un equipo de periodistas y t\u00e9cnicos de Sogecable dirigidos por Javier Ares se apost\u00f3 en la puerta de la antigua ciudad deportiva del Real Madrid, situada entonces en el paseo de la Castellana. Desde unos meses antes sus integrantes trabajaban en la producci\u00f3n de un nuevo canal de pago que deb\u00eda emitirse a trav\u00e9s de Canal Sat\u00e9lite Digital, plataforma de Prisa. Aquel 14 de febrero era el primer d\u00eda de emisi\u00f3n de Real Madrid TV, pero las puertas de la ciudad deportiva estaban cerradas a cal y canto por orden del gerente del club, en aquel entonces Manuel Fern\u00e1ndez Trigo. El directivo se negaba a que encima de los vestuarios del equipo, donde antiguamente estaba el centro m\u00e9dico, se abriese un canal de televisi\u00f3n. Solo despu\u00e9s de llamar a varios altos cargos y al presidente, Lorenzo Sanz, finalmente pudo arrancar aquel proyecto, que ha trasmitido informaci\u00f3n sobre el Real Madrid a lo largo de los \u00faltimos 26 a\u00f1os.<\/p>\n<p><a href=\"https:\/\/www.lavanguardia.com\/deportes\/20250223\/10413685\/toda-historia-realmadrid-tv.html\">Seguir leyendo&#8230;<\/a><\/p>","protected":false},"excerpt":{"rendered":"<p>El 14 de febrero de 1999 un equipo de periodistas y t\u00e9cnicos de Sogecable dirigidos por Javier Ares se apost\u00f3 en la puerta de la antigua ciudad deportiva del Real Madrid, situada entonces en el paseo de la Castellana. Desde unos meses antes sus integrantes trabajaban en la producci\u00f3n de un nuevo canal de pago [&hellip;]<\/p>\n","protected":false},"author":1,"featured_media":25639,"comment_status":"","ping_status":"","sticky":false,"template":"","format":"standard","meta":{"_et_pb_use_builder":"","_et_pb_old_content":"","_et_gb_content_width":"","footnotes":""},"categories":[1],"tags":[],"class_list":["post-25638","post","type-post","status-publish","format-standard","has-post-thumbnail","hentry","category-blog","et-has-post-format-content","et_post_format-et-post-format-standard"],"_links":{"self":[{"href":"https:\/\/trayectoriadeportiva.com\/index.php\/wp-json\/wp\/v2\/posts\/25638","targetHints":{"allow":["GET"]}}],"collection":[{"href":"https:\/\/trayectoriadeportiva.com\/index.php\/wp-json\/wp\/v2\/posts"}],"about":[{"href":"https:\/\/trayectoriadeportiva.com\/index.php\/wp-json\/wp\/v2\/types\/post"}],"author":[{"embeddable":true,"href":"https:\/\/trayectoriadeportiva.com\/index.php\/wp-json\/wp\/v2\/users\/1"}],"replies":[{"embeddable":true,"href":"https:\/\/trayectoriadeportiva.com\/index.php\/wp-json\/wp\/v2\/comments?post=25638"}],"version-history":[{"count":0,"href":"https:\/\/trayectoriadeportiva.com\/index.php\/wp-json\/wp\/v2\/posts\/25638\/revisions"}],"wp:featuredmedia":[{"embeddable":true,"href":"https:\/\/trayectoriadeportiva.com\/index.php\/wp-json\/wp\/v2\/media\/25639"}],"wp:attachment":[{"href":"https:\/\/trayectoriadeportiva.com\/index.php\/wp-json\/wp\/v2\/media?parent=25638"}],"wp:term":[{"taxonomy":"category","embeddable":true,"href":"https:\/\/trayectoriadeportiva.com\/index.php\/wp-json\/wp\/v2\/categories?post=25638"},{"taxonomy":"post_tag","embeddable":true,"href":"https:\/\/trayectoriadeportiva.com\/index.php\/wp-json\/wp\/v2\/tags?post=25638"}],"curies":[{"name":"wp","href":"https:\/\/api.w.org\/{rel}","templated":true}]}}