{"id":25699,"date":"2025-02-24T05:00:00","date_gmt":"2025-02-24T05:00:00","guid":{"rendered":"https:\/\/trayectoriadeportiva.com\/index.php\/2025\/02\/24\/flick-cumple-60-anos-y-su-barca-vuela-alto\/"},"modified":"2025-02-24T05:00:00","modified_gmt":"2025-02-24T05:00:00","slug":"flick-cumple-60-anos-y-su-barca-vuela-alto","status":"publish","type":"post","link":"https:\/\/trayectoriadeportiva.com\/index.php\/2025\/02\/24\/flick-cumple-60-anos-y-su-barca-vuela-alto\/","title":{"rendered":"Flick cumple 60 a\u00f1os y su Bar\u00e7a vuela alto"},"content":{"rendered":"<p>Hansi Flick cumple hoy 60 a\u00f1os asentado en el FC Barcelona. El alem\u00e1n aterriz\u00f3 en verano con muchos deberes por resolver y un libreto de instrucciones que explicar. Se hab\u00eda presentado en la reuni\u00f3n con Bojan y Deco, celebrada en Londres, con una carpeta bajo el brazo con un plan sobre c\u00f3mo sacarle partido a una plantilla muy joven. Tambi\u00e9n habl\u00f3 con Rafa M\u00e1rquez, el entonces t\u00e9cnico del filial, para conocer qu\u00e9 canteranos ten\u00edan posibilidades de prosperar en el primer equipo. Marc Casad\u00f3 y Marc Bernal fueron los elegidos.<\/p>\n<p><a href=\"https:\/\/www.lavanguardia.com\/deportes\/fc-barcelona\/20250224\/10414993\/flick-cumple-60-anos-barca-vuela-alto-calendario-copa-liga-champions-marzo-abril.html\">Seguir leyendo&#8230;<\/a><\/p>","protected":false},"excerpt":{"rendered":"<p>Hansi Flick cumple hoy 60 a\u00f1os asentado en el FC Barcelona. El alem\u00e1n aterriz\u00f3 en verano con muchos deberes por resolver y un libreto de instrucciones que explicar. Se hab\u00eda presentado en la reuni\u00f3n con Bojan y Deco, celebrada en Londres, con una carpeta bajo el brazo con un plan sobre c\u00f3mo sacarle partido a [&hellip;]<\/p>\n","protected":false},"author":1,"featured_media":25700,"comment_status":"","ping_status":"","sticky":false,"template":"","format":"standard","meta":{"_et_pb_use_builder":"","_et_pb_old_content":"","_et_gb_content_width":"","footnotes":""},"categories":[1],"tags":[],"class_list":["post-25699","post","type-post","status-publish","format-standard","has-post-thumbnail","hentry","category-blog","et-has-post-format-content","et_post_format-et-post-format-standard"],"_links":{"self":[{"href":"https:\/\/trayectoriadeportiva.com\/index.php\/wp-json\/wp\/v2\/posts\/25699","targetHints":{"allow":["GET"]}}],"collection":[{"href":"https:\/\/trayectoriadeportiva.com\/index.php\/wp-json\/wp\/v2\/posts"}],"about":[{"href":"https:\/\/trayectoriadeportiva.com\/index.php\/wp-json\/wp\/v2\/types\/post"}],"author":[{"embeddable":true,"href":"https:\/\/trayectoriadeportiva.com\/index.php\/wp-json\/wp\/v2\/users\/1"}],"replies":[{"embeddable":true,"href":"https:\/\/trayectoriadeportiva.com\/index.php\/wp-json\/wp\/v2\/comments?post=25699"}],"version-history":[{"count":0,"href":"https:\/\/trayectoriadeportiva.com\/index.php\/wp-json\/wp\/v2\/posts\/25699\/revisions"}],"wp:featuredmedia":[{"embeddable":true,"href":"https:\/\/trayectoriadeportiva.com\/index.php\/wp-json\/wp\/v2\/media\/25700"}],"wp:attachment":[{"href":"https:\/\/trayectoriadeportiva.com\/index.php\/wp-json\/wp\/v2\/media?parent=25699"}],"wp:term":[{"taxonomy":"category","embeddable":true,"href":"https:\/\/trayectoriadeportiva.com\/index.php\/wp-json\/wp\/v2\/categories?post=25699"},{"taxonomy":"post_tag","embeddable":true,"href":"https:\/\/trayectoriadeportiva.com\/index.php\/wp-json\/wp\/v2\/tags?post=25699"}],"curies":[{"name":"wp","href":"https:\/\/api.w.org\/{rel}","templated":true}]}}