{"id":25752,"date":"2025-02-25T13:19:27","date_gmt":"2025-02-25T13:19:27","guid":{"rendered":"https:\/\/trayectoriadeportiva.com\/index.php\/2025\/02\/25\/kika-nazareth-e-ingrid-engen-lesionadas-antes-del-clasico-contra-el-madrid-de-la-copa\/"},"modified":"2025-02-25T13:19:27","modified_gmt":"2025-02-25T13:19:27","slug":"kika-nazareth-e-ingrid-engen-lesionadas-antes-del-clasico-contra-el-madrid-de-la-copa","status":"publish","type":"post","link":"https:\/\/trayectoriadeportiva.com\/index.php\/2025\/02\/25\/kika-nazareth-e-ingrid-engen-lesionadas-antes-del-clasico-contra-el-madrid-de-la-copa\/","title":{"rendered":"Kika Nazareth e Ingrid Engen, lesionadas antes del cl\u00e1sico contra el Madrid de la Copa"},"content":{"rendered":"<p>El par\u00f3n de selecciones sigue afectando al Bar\u00e7a. Despu\u00e9s de las lesiones de Alexia Putellas y Patri Guijarro, se suman a la lista la portuguesa Kika Nazareth\u00a0y la noruega Ingrid Engen. Las bajas de las blaugrana llegan en un momento sensible de la temporada, a pocos d\u00edas del cl\u00e1sico contra el Real Madrid de semifinales de la Copa de la Reina.<\/p>\n<p><a href=\"https:\/\/www.lavanguardia.com\/deportes\/fc-barcelona\/20250225\/10420924\/kika-nazareth-e-ingrid-engen-lesionadas-clasico-madrid-copa.html\">Seguir leyendo&#8230;<\/a><\/p>","protected":false},"excerpt":{"rendered":"<p>El par\u00f3n de selecciones sigue afectando al Bar\u00e7a. Despu\u00e9s de las lesiones de Alexia Putellas y Patri Guijarro, se suman a la lista la portuguesa Kika Nazareth\u00a0y la noruega Ingrid Engen. Las bajas de las blaugrana llegan en un momento sensible de la temporada, a pocos d\u00edas del cl\u00e1sico contra el Real Madrid de semifinales [&hellip;]<\/p>\n","protected":false},"author":1,"featured_media":25753,"comment_status":"","ping_status":"","sticky":false,"template":"","format":"standard","meta":{"_et_pb_use_builder":"","_et_pb_old_content":"","_et_gb_content_width":"","footnotes":""},"categories":[1],"tags":[],"class_list":["post-25752","post","type-post","status-publish","format-standard","has-post-thumbnail","hentry","category-blog","et-has-post-format-content","et_post_format-et-post-format-standard"],"_links":{"self":[{"href":"https:\/\/trayectoriadeportiva.com\/index.php\/wp-json\/wp\/v2\/posts\/25752","targetHints":{"allow":["GET"]}}],"collection":[{"href":"https:\/\/trayectoriadeportiva.com\/index.php\/wp-json\/wp\/v2\/posts"}],"about":[{"href":"https:\/\/trayectoriadeportiva.com\/index.php\/wp-json\/wp\/v2\/types\/post"}],"author":[{"embeddable":true,"href":"https:\/\/trayectoriadeportiva.com\/index.php\/wp-json\/wp\/v2\/users\/1"}],"replies":[{"embeddable":true,"href":"https:\/\/trayectoriadeportiva.com\/index.php\/wp-json\/wp\/v2\/comments?post=25752"}],"version-history":[{"count":0,"href":"https:\/\/trayectoriadeportiva.com\/index.php\/wp-json\/wp\/v2\/posts\/25752\/revisions"}],"wp:featuredmedia":[{"embeddable":true,"href":"https:\/\/trayectoriadeportiva.com\/index.php\/wp-json\/wp\/v2\/media\/25753"}],"wp:attachment":[{"href":"https:\/\/trayectoriadeportiva.com\/index.php\/wp-json\/wp\/v2\/media?parent=25752"}],"wp:term":[{"taxonomy":"category","embeddable":true,"href":"https:\/\/trayectoriadeportiva.com\/index.php\/wp-json\/wp\/v2\/categories?post=25752"},{"taxonomy":"post_tag","embeddable":true,"href":"https:\/\/trayectoriadeportiva.com\/index.php\/wp-json\/wp\/v2\/tags?post=25752"}],"curies":[{"name":"wp","href":"https:\/\/api.w.org\/{rel}","templated":true}]}}