{"id":26037,"date":"2025-03-03T09:51:58","date_gmt":"2025-03-03T09:51:58","guid":{"rendered":"https:\/\/trayectoriadeportiva.com\/index.php\/2025\/03\/03\/sergio-ramos-marca-su-primer-gol-en-mexico\/"},"modified":"2025-03-03T09:51:58","modified_gmt":"2025-03-03T09:51:58","slug":"sergio-ramos-marca-su-primer-gol-en-mexico","status":"publish","type":"post","link":"https:\/\/trayectoriadeportiva.com\/index.php\/2025\/03\/03\/sergio-ramos-marca-su-primer-gol-en-mexico\/","title":{"rendered":"Sergio Ramos marca su primer gol en M\u00e9xico"},"content":{"rendered":"<p>El central espa\u00f1ol Sergio Ramos anot\u00f3 este domingo su primer gol en el f\u00fatbol mexicano en la victoria de los Rayados del Monterrey por 4-2 sobre el Santos Laguna en la conclusi\u00f3n de la d\u00e9cima jornada del torneo Clausura.<\/p>\n<p><a href=\"https:\/\/www.lavanguardia.com\/deportes\/futbol\/20250303\/10439749\/sergio-ramos-marca-primer-gol-mexico.html\">Seguir leyendo&#8230;<\/a><\/p>","protected":false},"excerpt":{"rendered":"<p>El central espa\u00f1ol Sergio Ramos anot\u00f3 este domingo su primer gol en el f\u00fatbol mexicano en la victoria de los Rayados del Monterrey por 4-2 sobre el Santos Laguna en la conclusi\u00f3n de la d\u00e9cima jornada del torneo Clausura. Seguir leyendo&#8230;<\/p>\n","protected":false},"author":1,"featured_media":26038,"comment_status":"","ping_status":"","sticky":false,"template":"","format":"standard","meta":{"_et_pb_use_builder":"","_et_pb_old_content":"","_et_gb_content_width":"","footnotes":""},"categories":[1],"tags":[],"class_list":["post-26037","post","type-post","status-publish","format-standard","has-post-thumbnail","hentry","category-blog","et-has-post-format-content","et_post_format-et-post-format-standard"],"_links":{"self":[{"href":"https:\/\/trayectoriadeportiva.com\/index.php\/wp-json\/wp\/v2\/posts\/26037","targetHints":{"allow":["GET"]}}],"collection":[{"href":"https:\/\/trayectoriadeportiva.com\/index.php\/wp-json\/wp\/v2\/posts"}],"about":[{"href":"https:\/\/trayectoriadeportiva.com\/index.php\/wp-json\/wp\/v2\/types\/post"}],"author":[{"embeddable":true,"href":"https:\/\/trayectoriadeportiva.com\/index.php\/wp-json\/wp\/v2\/users\/1"}],"replies":[{"embeddable":true,"href":"https:\/\/trayectoriadeportiva.com\/index.php\/wp-json\/wp\/v2\/comments?post=26037"}],"version-history":[{"count":0,"href":"https:\/\/trayectoriadeportiva.com\/index.php\/wp-json\/wp\/v2\/posts\/26037\/revisions"}],"wp:featuredmedia":[{"embeddable":true,"href":"https:\/\/trayectoriadeportiva.com\/index.php\/wp-json\/wp\/v2\/media\/26038"}],"wp:attachment":[{"href":"https:\/\/trayectoriadeportiva.com\/index.php\/wp-json\/wp\/v2\/media?parent=26037"}],"wp:term":[{"taxonomy":"category","embeddable":true,"href":"https:\/\/trayectoriadeportiva.com\/index.php\/wp-json\/wp\/v2\/categories?post=26037"},{"taxonomy":"post_tag","embeddable":true,"href":"https:\/\/trayectoriadeportiva.com\/index.php\/wp-json\/wp\/v2\/tags?post=26037"}],"curies":[{"name":"wp","href":"https:\/\/api.w.org\/{rel}","templated":true}]}}