{"id":26162,"date":"2025-03-06T16:12:41","date_gmt":"2025-03-06T16:12:41","guid":{"rendered":"https:\/\/trayectoriadeportiva.com\/index.php\/2025\/03\/06\/neymar-vuelve-a-la-seleccion-brasilena-tras-su-gran-rendimiento-con-el-santos\/"},"modified":"2025-03-06T16:12:41","modified_gmt":"2025-03-06T16:12:41","slug":"neymar-vuelve-a-la-seleccion-brasilena-tras-su-gran-rendimiento-con-el-santos","status":"publish","type":"post","link":"https:\/\/trayectoriadeportiva.com\/index.php\/2025\/03\/06\/neymar-vuelve-a-la-seleccion-brasilena-tras-su-gran-rendimiento-con-el-santos\/","title":{"rendered":"Neymar vuelve a la selecci\u00f3n brasile\u00f1a tras su gran rendimiento con el Santos"},"content":{"rendered":"<p>Brasil convoc\u00f3 al delantero del Santos Neymar para los partidos de clasificaci\u00f3n para el Mundial de este mes contra Colombia y Argentina despu\u00e9s de m\u00e1s de un a\u00f1o, anunci\u00f3 el jueves la federaci\u00f3n de f\u00fatbol.<\/p>\n<p><a href=\"https:\/\/www.lavanguardia.com\/deportes\/futbol\/20250306\/10453058\/neymar-vuelve-seleccion-brasilena-gran-rendimiento-santos.html\">Seguir leyendo&#8230;<\/a><\/p>","protected":false},"excerpt":{"rendered":"<p>Brasil convoc\u00f3 al delantero del Santos Neymar para los partidos de clasificaci\u00f3n para el Mundial de este mes contra Colombia y Argentina despu\u00e9s de m\u00e1s de un a\u00f1o, anunci\u00f3 el jueves la federaci\u00f3n de f\u00fatbol. Seguir leyendo&#8230;<\/p>\n","protected":false},"author":1,"featured_media":26163,"comment_status":"","ping_status":"","sticky":false,"template":"","format":"standard","meta":{"_et_pb_use_builder":"","_et_pb_old_content":"","_et_gb_content_width":"","footnotes":""},"categories":[1],"tags":[],"class_list":["post-26162","post","type-post","status-publish","format-standard","has-post-thumbnail","hentry","category-blog","et-has-post-format-content","et_post_format-et-post-format-standard"],"_links":{"self":[{"href":"https:\/\/trayectoriadeportiva.com\/index.php\/wp-json\/wp\/v2\/posts\/26162","targetHints":{"allow":["GET"]}}],"collection":[{"href":"https:\/\/trayectoriadeportiva.com\/index.php\/wp-json\/wp\/v2\/posts"}],"about":[{"href":"https:\/\/trayectoriadeportiva.com\/index.php\/wp-json\/wp\/v2\/types\/post"}],"author":[{"embeddable":true,"href":"https:\/\/trayectoriadeportiva.com\/index.php\/wp-json\/wp\/v2\/users\/1"}],"replies":[{"embeddable":true,"href":"https:\/\/trayectoriadeportiva.com\/index.php\/wp-json\/wp\/v2\/comments?post=26162"}],"version-history":[{"count":0,"href":"https:\/\/trayectoriadeportiva.com\/index.php\/wp-json\/wp\/v2\/posts\/26162\/revisions"}],"wp:featuredmedia":[{"embeddable":true,"href":"https:\/\/trayectoriadeportiva.com\/index.php\/wp-json\/wp\/v2\/media\/26163"}],"wp:attachment":[{"href":"https:\/\/trayectoriadeportiva.com\/index.php\/wp-json\/wp\/v2\/media?parent=26162"}],"wp:term":[{"taxonomy":"category","embeddable":true,"href":"https:\/\/trayectoriadeportiva.com\/index.php\/wp-json\/wp\/v2\/categories?post=26162"},{"taxonomy":"post_tag","embeddable":true,"href":"https:\/\/trayectoriadeportiva.com\/index.php\/wp-json\/wp\/v2\/tags?post=26162"}],"curies":[{"name":"wp","href":"https:\/\/api.w.org\/{rel}","templated":true}]}}