{"id":262,"date":"2023-09-23T04:00:00","date_gmt":"2023-09-23T04:00:00","guid":{"rendered":"https:\/\/trayectoriadeportiva.com\/index.php\/2023\/09\/23\/aspas-seis-meses-sin-un-gol-del-principe-de-las-bateas\/"},"modified":"2023-09-23T04:00:00","modified_gmt":"2023-09-23T04:00:00","slug":"aspas-seis-meses-sin-un-gol-del-principe-de-las-bateas","status":"publish","type":"post","link":"https:\/\/trayectoriadeportiva.com\/index.php\/2023\/09\/23\/aspas-seis-meses-sin-un-gol-del-principe-de-las-bateas\/","title":{"rendered":"Aspas, seis meses sin un gol del Pr\u00edncipe de las Bateas"},"content":{"rendered":"<p>Iago Aspas necesita que las meigas le ayuden a recuperar el gol. El gallego de Moa\u00f1a, l\u00edder indiscutible del Celta y m\u00e1ximo goleador espa\u00f1ol del \u00faltimo lustro, acumula ya seis meses sin marcar, algo que no le suced\u00eda desde su etapa en el Sevilla, hace nueve a\u00f1os. Aunque si hay un rival fetiche ante el que se siente con confianza ese es el Bar\u00e7a, su pr\u00f3ximo rival. En 19 partidos ha marcado diez goles a los azulgranas para convertirse en uno de esos jugadores que el Camp Nou, ahora el Llu\u00eds Companys, siempre ha temido.<\/p>\n<p><a href=\"https:\/\/www.lavanguardia.com\/deportes\/fc-barcelona\/20230923\/9246704\/aspas-seis-meses-sin-marcar.html\">Seguir leyendo&#8230;<\/a><\/p>","protected":false},"excerpt":{"rendered":"<p>Iago Aspas necesita que las meigas le ayuden a recuperar el gol. El gallego de Moa\u00f1a, l\u00edder indiscutible del Celta y m\u00e1ximo goleador espa\u00f1ol del \u00faltimo lustro, acumula ya seis meses sin marcar, algo que no le suced\u00eda desde su etapa en el Sevilla, hace nueve a\u00f1os. Aunque si hay un rival fetiche ante el [&hellip;]<\/p>\n","protected":false},"author":0,"featured_media":263,"comment_status":"","ping_status":"","sticky":false,"template":"","format":"standard","meta":{"_et_pb_use_builder":"","_et_pb_old_content":"","_et_gb_content_width":"","footnotes":""},"categories":[1],"tags":[],"class_list":["post-262","post","type-post","status-publish","format-standard","has-post-thumbnail","hentry","category-blog","et-has-post-format-content","et_post_format-et-post-format-standard"],"_links":{"self":[{"href":"https:\/\/trayectoriadeportiva.com\/index.php\/wp-json\/wp\/v2\/posts\/262","targetHints":{"allow":["GET"]}}],"collection":[{"href":"https:\/\/trayectoriadeportiva.com\/index.php\/wp-json\/wp\/v2\/posts"}],"about":[{"href":"https:\/\/trayectoriadeportiva.com\/index.php\/wp-json\/wp\/v2\/types\/post"}],"replies":[{"embeddable":true,"href":"https:\/\/trayectoriadeportiva.com\/index.php\/wp-json\/wp\/v2\/comments?post=262"}],"version-history":[{"count":0,"href":"https:\/\/trayectoriadeportiva.com\/index.php\/wp-json\/wp\/v2\/posts\/262\/revisions"}],"wp:featuredmedia":[{"embeddable":true,"href":"https:\/\/trayectoriadeportiva.com\/index.php\/wp-json\/wp\/v2\/media\/263"}],"wp:attachment":[{"href":"https:\/\/trayectoriadeportiva.com\/index.php\/wp-json\/wp\/v2\/media?parent=262"}],"wp:term":[{"taxonomy":"category","embeddable":true,"href":"https:\/\/trayectoriadeportiva.com\/index.php\/wp-json\/wp\/v2\/categories?post=262"},{"taxonomy":"post_tag","embeddable":true,"href":"https:\/\/trayectoriadeportiva.com\/index.php\/wp-json\/wp\/v2\/tags?post=262"}],"curies":[{"name":"wp","href":"https:\/\/api.w.org\/{rel}","templated":true}]}}