{"id":26218,"date":"2025-03-08T11:13:26","date_gmt":"2025-03-08T11:13:26","guid":{"rendered":"https:\/\/trayectoriadeportiva.com\/index.php\/2025\/03\/08\/xavi-rompe-su-silencio-estoy-orgulloso-de-haber-confiado-en-la-generacion-de-lamine-fermin-cubarsi-balde\/"},"modified":"2025-03-08T11:13:26","modified_gmt":"2025-03-08T11:13:26","slug":"xavi-rompe-su-silencio-estoy-orgulloso-de-haber-confiado-en-la-generacion-de-lamine-fermin-cubarsi-balde","status":"publish","type":"post","link":"https:\/\/trayectoriadeportiva.com\/index.php\/2025\/03\/08\/xavi-rompe-su-silencio-estoy-orgulloso-de-haber-confiado-en-la-generacion-de-lamine-fermin-cubarsi-balde\/","title":{"rendered":"Xavi rompe su silencio: \u201cEstoy orgulloso de haber confiado en la generaci\u00f3n de Lamine, Ferm\u00edn, Cubars\u00ed, Balde&#8230;\u201d"},"content":{"rendered":"<p>Desde que fue destituido fulminantemente por Joan Laporta el 24 de mayo del 2024, tras dudar de la plantilla y la situaci\u00f3n financiera del club, Xavi Hern\u00e1ndez no hab\u00eda vuelto a hablar del Bar\u00e7a en p\u00fablico. El t\u00e9cnico de Terrassa ha roto su silencio en una entrevista para la revista France Football, en la que defiende su gesti\u00f3n al frente del equipo, en un per\u00edodo de crisis en el que lleg\u00f3 a ganar una Liga, y apost\u00f3 por los j\u00f3venes que ahora est\u00e1n maravillando con Hansi Flick.<\/p>\n<p><a href=\"https:\/\/www.lavanguardia.com\/deportes\/20250308\/10458778\/entrenador-tecnico-xavi-hernandez-barca-barcelona-laporta-rompe-silencio-orgulloso-haber-confiado-generacion-lamine-fermin-cubarsi-balde.html\">Seguir leyendo&#8230;<\/a><\/p>","protected":false},"excerpt":{"rendered":"<p>Desde que fue destituido fulminantemente por Joan Laporta el 24 de mayo del 2024, tras dudar de la plantilla y la situaci\u00f3n financiera del club, Xavi Hern\u00e1ndez no hab\u00eda vuelto a hablar del Bar\u00e7a en p\u00fablico. El t\u00e9cnico de Terrassa ha roto su silencio en una entrevista para la revista France Football, en la que [&hellip;]<\/p>\n","protected":false},"author":1,"featured_media":26219,"comment_status":"","ping_status":"","sticky":false,"template":"","format":"standard","meta":{"_et_pb_use_builder":"","_et_pb_old_content":"","_et_gb_content_width":"","footnotes":""},"categories":[1],"tags":[],"class_list":["post-26218","post","type-post","status-publish","format-standard","has-post-thumbnail","hentry","category-blog","et-has-post-format-content","et_post_format-et-post-format-standard"],"_links":{"self":[{"href":"https:\/\/trayectoriadeportiva.com\/index.php\/wp-json\/wp\/v2\/posts\/26218","targetHints":{"allow":["GET"]}}],"collection":[{"href":"https:\/\/trayectoriadeportiva.com\/index.php\/wp-json\/wp\/v2\/posts"}],"about":[{"href":"https:\/\/trayectoriadeportiva.com\/index.php\/wp-json\/wp\/v2\/types\/post"}],"author":[{"embeddable":true,"href":"https:\/\/trayectoriadeportiva.com\/index.php\/wp-json\/wp\/v2\/users\/1"}],"replies":[{"embeddable":true,"href":"https:\/\/trayectoriadeportiva.com\/index.php\/wp-json\/wp\/v2\/comments?post=26218"}],"version-history":[{"count":0,"href":"https:\/\/trayectoriadeportiva.com\/index.php\/wp-json\/wp\/v2\/posts\/26218\/revisions"}],"wp:featuredmedia":[{"embeddable":true,"href":"https:\/\/trayectoriadeportiva.com\/index.php\/wp-json\/wp\/v2\/media\/26219"}],"wp:attachment":[{"href":"https:\/\/trayectoriadeportiva.com\/index.php\/wp-json\/wp\/v2\/media?parent=26218"}],"wp:term":[{"taxonomy":"category","embeddable":true,"href":"https:\/\/trayectoriadeportiva.com\/index.php\/wp-json\/wp\/v2\/categories?post=26218"},{"taxonomy":"post_tag","embeddable":true,"href":"https:\/\/trayectoriadeportiva.com\/index.php\/wp-json\/wp\/v2\/tags?post=26218"}],"curies":[{"name":"wp","href":"https:\/\/api.w.org\/{rel}","templated":true}]}}