{"id":26266,"date":"2025-03-08T21:50:18","date_gmt":"2025-03-08T21:50:18","guid":{"rendered":"https:\/\/trayectoriadeportiva.com\/index.php\/2025\/03\/08\/apenas-hay-fechas-libres-para-disputar-el-partido-barcelona-osasuna\/"},"modified":"2025-03-08T21:50:18","modified_gmt":"2025-03-08T21:50:18","slug":"apenas-hay-fechas-libres-para-disputar-el-partido-barcelona-osasuna","status":"publish","type":"post","link":"https:\/\/trayectoriadeportiva.com\/index.php\/2025\/03\/08\/apenas-hay-fechas-libres-para-disputar-el-partido-barcelona-osasuna\/","title":{"rendered":"Apenas hay fechas libres para disputar el partido Barcelona-Osasuna"},"content":{"rendered":"<p>\u00bfCu\u00e1ndo se jugar\u00e1 el Barcelona-Osasuna? Ahora mismo es toda una inc\u00f3gnita. Apenas hay fechas libres en el calendario y solamente se despejar\u00eda el camino en este sentido si el Bar\u00e7a se viera apeado o de la Copa del Rey o de la Champions. Si supera las semifinales de Copa (qued\u00f3 2-2 en la ida ante el Atl\u00e9tico y la vuelta es el 2 de abril) y los octavos (venci\u00f3 0-1 en Lisboa en el primer partido) y los cuartos en competici\u00f3n europea entonces no habr\u00eda un hueco en el calendario hasta finales de mayo, justo entre las jornadas 37 (18 de mayo) y 38 de la Liga (25 de mayo).<\/p>\n<p><a href=\"https:\/\/www.lavanguardia.com\/deportes\/20250308\/10459961\/apenas-hay-fechas-libres-disputar-partido-barcelona-osasuna.html\">Seguir leyendo&#8230;<\/a><\/p>","protected":false},"excerpt":{"rendered":"<p>\u00bfCu\u00e1ndo se jugar\u00e1 el Barcelona-Osasuna? Ahora mismo es toda una inc\u00f3gnita. Apenas hay fechas libres en el calendario y solamente se despejar\u00eda el camino en este sentido si el Bar\u00e7a se viera apeado o de la Copa del Rey o de la Champions. Si supera las semifinales de Copa (qued\u00f3 2-2 en la ida ante [&hellip;]<\/p>\n","protected":false},"author":1,"featured_media":26267,"comment_status":"","ping_status":"","sticky":false,"template":"","format":"standard","meta":{"_et_pb_use_builder":"","_et_pb_old_content":"","_et_gb_content_width":"","footnotes":""},"categories":[1],"tags":[],"class_list":["post-26266","post","type-post","status-publish","format-standard","has-post-thumbnail","hentry","category-blog","et-has-post-format-content","et_post_format-et-post-format-standard"],"_links":{"self":[{"href":"https:\/\/trayectoriadeportiva.com\/index.php\/wp-json\/wp\/v2\/posts\/26266","targetHints":{"allow":["GET"]}}],"collection":[{"href":"https:\/\/trayectoriadeportiva.com\/index.php\/wp-json\/wp\/v2\/posts"}],"about":[{"href":"https:\/\/trayectoriadeportiva.com\/index.php\/wp-json\/wp\/v2\/types\/post"}],"author":[{"embeddable":true,"href":"https:\/\/trayectoriadeportiva.com\/index.php\/wp-json\/wp\/v2\/users\/1"}],"replies":[{"embeddable":true,"href":"https:\/\/trayectoriadeportiva.com\/index.php\/wp-json\/wp\/v2\/comments?post=26266"}],"version-history":[{"count":0,"href":"https:\/\/trayectoriadeportiva.com\/index.php\/wp-json\/wp\/v2\/posts\/26266\/revisions"}],"wp:featuredmedia":[{"embeddable":true,"href":"https:\/\/trayectoriadeportiva.com\/index.php\/wp-json\/wp\/v2\/media\/26267"}],"wp:attachment":[{"href":"https:\/\/trayectoriadeportiva.com\/index.php\/wp-json\/wp\/v2\/media?parent=26266"}],"wp:term":[{"taxonomy":"category","embeddable":true,"href":"https:\/\/trayectoriadeportiva.com\/index.php\/wp-json\/wp\/v2\/categories?post=26266"},{"taxonomy":"post_tag","embeddable":true,"href":"https:\/\/trayectoriadeportiva.com\/index.php\/wp-json\/wp\/v2\/tags?post=26266"}],"curies":[{"name":"wp","href":"https:\/\/api.w.org\/{rel}","templated":true}]}}