{"id":26282,"date":"2025-03-09T09:48:37","date_gmt":"2025-03-09T09:48:37","guid":{"rendered":"https:\/\/trayectoriadeportiva.com\/index.php\/2025\/03\/09\/los-lakers-se-estampan-en-boston-fin-a-la-racha-y-lesion-de-lebron-james\/"},"modified":"2025-03-09T09:48:37","modified_gmt":"2025-03-09T09:48:37","slug":"los-lakers-se-estampan-en-boston-fin-a-la-racha-y-lesion-de-lebron-james","status":"publish","type":"post","link":"https:\/\/trayectoriadeportiva.com\/index.php\/2025\/03\/09\/los-lakers-se-estampan-en-boston-fin-a-la-racha-y-lesion-de-lebron-james\/","title":{"rendered":"Los Lakers se estampan en Boston: fin a la racha y lesi\u00f3n de LeBron James"},"content":{"rendered":"<p>En un choque de nobleza de la NBA, Boston Celtics, actual campe\u00f3n, venci\u00f3 por 111-101 a Los \u00c1ngeles Lakers y puso fin a la racha de ocho victorias consecutivas de los angelinos, que viv\u00edan un extraordinario momento de forma tras la llegada del esloveno Luka Doncic.<\/p>\n<p><a href=\"https:\/\/www.lavanguardia.com\/deportes\/baloncesto\/nba\/20250309\/10460434\/boston-celtics-los-angeles-lakers-lebron-james-luka-doncic.html\">Seguir leyendo&#8230;<\/a><\/p>","protected":false},"excerpt":{"rendered":"<p>En un choque de nobleza de la NBA, Boston Celtics, actual campe\u00f3n, venci\u00f3 por 111-101 a Los \u00c1ngeles Lakers y puso fin a la racha de ocho victorias consecutivas de los angelinos, que viv\u00edan un extraordinario momento de forma tras la llegada del esloveno Luka Doncic. Seguir leyendo&#8230;<\/p>\n","protected":false},"author":1,"featured_media":26283,"comment_status":"","ping_status":"","sticky":false,"template":"","format":"standard","meta":{"_et_pb_use_builder":"","_et_pb_old_content":"","_et_gb_content_width":"","footnotes":""},"categories":[1],"tags":[],"class_list":["post-26282","post","type-post","status-publish","format-standard","has-post-thumbnail","hentry","category-blog","et-has-post-format-content","et_post_format-et-post-format-standard"],"_links":{"self":[{"href":"https:\/\/trayectoriadeportiva.com\/index.php\/wp-json\/wp\/v2\/posts\/26282","targetHints":{"allow":["GET"]}}],"collection":[{"href":"https:\/\/trayectoriadeportiva.com\/index.php\/wp-json\/wp\/v2\/posts"}],"about":[{"href":"https:\/\/trayectoriadeportiva.com\/index.php\/wp-json\/wp\/v2\/types\/post"}],"author":[{"embeddable":true,"href":"https:\/\/trayectoriadeportiva.com\/index.php\/wp-json\/wp\/v2\/users\/1"}],"replies":[{"embeddable":true,"href":"https:\/\/trayectoriadeportiva.com\/index.php\/wp-json\/wp\/v2\/comments?post=26282"}],"version-history":[{"count":0,"href":"https:\/\/trayectoriadeportiva.com\/index.php\/wp-json\/wp\/v2\/posts\/26282\/revisions"}],"wp:featuredmedia":[{"embeddable":true,"href":"https:\/\/trayectoriadeportiva.com\/index.php\/wp-json\/wp\/v2\/media\/26283"}],"wp:attachment":[{"href":"https:\/\/trayectoriadeportiva.com\/index.php\/wp-json\/wp\/v2\/media?parent=26282"}],"wp:term":[{"taxonomy":"category","embeddable":true,"href":"https:\/\/trayectoriadeportiva.com\/index.php\/wp-json\/wp\/v2\/categories?post=26282"},{"taxonomy":"post_tag","embeddable":true,"href":"https:\/\/trayectoriadeportiva.com\/index.php\/wp-json\/wp\/v2\/tags?post=26282"}],"curies":[{"name":"wp","href":"https:\/\/api.w.org\/{rel}","templated":true}]}}