{"id":26393,"date":"2025-03-11T05:00:00","date_gmt":"2025-03-11T05:00:00","guid":{"rendered":"https:\/\/trayectoriadeportiva.com\/index.php\/2025\/03\/11\/la-champions-afecta-y-mucho\/"},"modified":"2025-03-11T05:00:00","modified_gmt":"2025-03-11T05:00:00","slug":"la-champions-afecta-y-mucho","status":"publish","type":"post","link":"https:\/\/trayectoriadeportiva.com\/index.php\/2025\/03\/11\/la-champions-afecta-y-mucho\/","title":{"rendered":"La Champions afecta y mucho"},"content":{"rendered":"<p>El Bar\u00e7a ha gestionado con buen criterio <a href=\"https:\/\/www.lavanguardia.com\/deportes\/fc-barcelona\/20250308\/10459839\/carles-minarro-doctor-discreto-querido-barca-fallece.html\">la dolorosa p\u00e9rdida del doctor Carles Mi\u00f1arro<\/a> y deber\u00e1 afrontar hoy un partido de Champions decisivo y un encuentro clave para la Liga este domingo frente al Atl\u00e9tico de Madrid. A partir de marzo llega el momento de la verdad y la Copa de Europa no es una competici\u00f3n menor. Deja huella en los equipos que participan. Se ha podido comprobar este fin de semana. El Bayern, el Leverkusen y el Borussia perdieron en sus partidos jugados en casa en la Bundesliga. Los tres. Ninguno pudo ganar el encuentro despu\u00e9s de la primera eliminatoria de octavos de Champions. El Arsenal, que se jugaba poder optar a la Premier League, empat\u00f3; el Atl\u00e9tico de Madrid perdi\u00f3 en Getafe; el Madrid venci\u00f3 al Rayo, pero con silbidos del p\u00fablico del Bernab\u00e9u por su juego en los minutos finales, mientras el Liverpool gan\u00f3 al colista, pero sufriendo m\u00e1s de lo previsto. La Champions pasa factura.<\/p>\n<p><a href=\"https:\/\/www.lavanguardia.com\/deportes\/futbol\/20250311\/10464866\/champions-afecta.html\">Seguir leyendo&#8230;<\/a><\/p>","protected":false},"excerpt":{"rendered":"<p>El Bar\u00e7a ha gestionado con buen criterio la dolorosa p\u00e9rdida del doctor Carles Mi\u00f1arro y deber\u00e1 afrontar hoy un partido de Champions decisivo y un encuentro clave para la Liga este domingo frente al Atl\u00e9tico de Madrid. A partir de marzo llega el momento de la verdad y la Copa de Europa no es una [&hellip;]<\/p>\n","protected":false},"author":1,"featured_media":26394,"comment_status":"","ping_status":"","sticky":false,"template":"","format":"standard","meta":{"_et_pb_use_builder":"","_et_pb_old_content":"","_et_gb_content_width":"","footnotes":""},"categories":[1],"tags":[],"class_list":["post-26393","post","type-post","status-publish","format-standard","has-post-thumbnail","hentry","category-blog","et-has-post-format-content","et_post_format-et-post-format-standard"],"_links":{"self":[{"href":"https:\/\/trayectoriadeportiva.com\/index.php\/wp-json\/wp\/v2\/posts\/26393","targetHints":{"allow":["GET"]}}],"collection":[{"href":"https:\/\/trayectoriadeportiva.com\/index.php\/wp-json\/wp\/v2\/posts"}],"about":[{"href":"https:\/\/trayectoriadeportiva.com\/index.php\/wp-json\/wp\/v2\/types\/post"}],"author":[{"embeddable":true,"href":"https:\/\/trayectoriadeportiva.com\/index.php\/wp-json\/wp\/v2\/users\/1"}],"replies":[{"embeddable":true,"href":"https:\/\/trayectoriadeportiva.com\/index.php\/wp-json\/wp\/v2\/comments?post=26393"}],"version-history":[{"count":0,"href":"https:\/\/trayectoriadeportiva.com\/index.php\/wp-json\/wp\/v2\/posts\/26393\/revisions"}],"wp:featuredmedia":[{"embeddable":true,"href":"https:\/\/trayectoriadeportiva.com\/index.php\/wp-json\/wp\/v2\/media\/26394"}],"wp:attachment":[{"href":"https:\/\/trayectoriadeportiva.com\/index.php\/wp-json\/wp\/v2\/media?parent=26393"}],"wp:term":[{"taxonomy":"category","embeddable":true,"href":"https:\/\/trayectoriadeportiva.com\/index.php\/wp-json\/wp\/v2\/categories?post=26393"},{"taxonomy":"post_tag","embeddable":true,"href":"https:\/\/trayectoriadeportiva.com\/index.php\/wp-json\/wp\/v2\/tags?post=26393"}],"curies":[{"name":"wp","href":"https:\/\/api.w.org\/{rel}","templated":true}]}}