{"id":26417,"date":"2025-03-11T15:30:50","date_gmt":"2025-03-11T15:30:50","guid":{"rendered":"https:\/\/trayectoriadeportiva.com\/index.php\/2025\/03\/11\/el-flamante-roig-arena-de-valencia-sede-de-la-copa-del-rey-los-dos-proximos-anos\/"},"modified":"2025-03-11T15:30:50","modified_gmt":"2025-03-11T15:30:50","slug":"el-flamante-roig-arena-de-valencia-sede-de-la-copa-del-rey-los-dos-proximos-anos","status":"publish","type":"post","link":"https:\/\/trayectoriadeportiva.com\/index.php\/2025\/03\/11\/el-flamante-roig-arena-de-valencia-sede-de-la-copa-del-rey-los-dos-proximos-anos\/","title":{"rendered":"El flamante Roig Arena de Valencia, sede de la Copa del Rey los dos pr\u00f3ximos a\u00f1os"},"content":{"rendered":"<p>El Valencia Basket tendr\u00e1 plaza como anfitri\u00f3n en la edici\u00f3n de la Copa del Rey que se celebrar\u00e1 entre el 19 y el 22 de febrero de 2026 en el Roig Arena, el recinto multiusos que ser\u00e1 la casa del club <i>taronja <\/i>a partir de este mes de septiembre y que acoger\u00e1 tambi\u00e9n el torneo en 2027, seg\u00fan el acuerdo que se hizo p\u00fablico este martes.<\/p>\n<p><a href=\"https:\/\/www.lavanguardia.com\/deportes\/baloncesto\/20250311\/10468820\/roig-arena-valencia-copa-del-rey-2026-2027.html\">Seguir leyendo&#8230;<\/a><\/p>","protected":false},"excerpt":{"rendered":"<p>El Valencia Basket tendr\u00e1 plaza como anfitri\u00f3n en la edici\u00f3n de la Copa del Rey que se celebrar\u00e1 entre el 19 y el 22 de febrero de 2026 en el Roig Arena, el recinto multiusos que ser\u00e1 la casa del club taronja a partir de este mes de septiembre y que acoger\u00e1 tambi\u00e9n el torneo [&hellip;]<\/p>\n","protected":false},"author":1,"featured_media":26418,"comment_status":"","ping_status":"","sticky":false,"template":"","format":"standard","meta":{"_et_pb_use_builder":"","_et_pb_old_content":"","_et_gb_content_width":"","footnotes":""},"categories":[1],"tags":[],"class_list":["post-26417","post","type-post","status-publish","format-standard","has-post-thumbnail","hentry","category-blog","et-has-post-format-content","et_post_format-et-post-format-standard"],"_links":{"self":[{"href":"https:\/\/trayectoriadeportiva.com\/index.php\/wp-json\/wp\/v2\/posts\/26417","targetHints":{"allow":["GET"]}}],"collection":[{"href":"https:\/\/trayectoriadeportiva.com\/index.php\/wp-json\/wp\/v2\/posts"}],"about":[{"href":"https:\/\/trayectoriadeportiva.com\/index.php\/wp-json\/wp\/v2\/types\/post"}],"author":[{"embeddable":true,"href":"https:\/\/trayectoriadeportiva.com\/index.php\/wp-json\/wp\/v2\/users\/1"}],"replies":[{"embeddable":true,"href":"https:\/\/trayectoriadeportiva.com\/index.php\/wp-json\/wp\/v2\/comments?post=26417"}],"version-history":[{"count":0,"href":"https:\/\/trayectoriadeportiva.com\/index.php\/wp-json\/wp\/v2\/posts\/26417\/revisions"}],"wp:featuredmedia":[{"embeddable":true,"href":"https:\/\/trayectoriadeportiva.com\/index.php\/wp-json\/wp\/v2\/media\/26418"}],"wp:attachment":[{"href":"https:\/\/trayectoriadeportiva.com\/index.php\/wp-json\/wp\/v2\/media?parent=26417"}],"wp:term":[{"taxonomy":"category","embeddable":true,"href":"https:\/\/trayectoriadeportiva.com\/index.php\/wp-json\/wp\/v2\/categories?post=26417"},{"taxonomy":"post_tag","embeddable":true,"href":"https:\/\/trayectoriadeportiva.com\/index.php\/wp-json\/wp\/v2\/tags?post=26417"}],"curies":[{"name":"wp","href":"https:\/\/api.w.org\/{rel}","templated":true}]}}