{"id":26425,"date":"2025-03-11T19:39:57","date_gmt":"2025-03-11T19:39:57","guid":{"rendered":"https:\/\/trayectoriadeportiva.com\/index.php\/2025\/03\/11\/un-barca-para-sonar-con-todo-devora-al-benfica\/"},"modified":"2025-03-11T19:39:57","modified_gmt":"2025-03-11T19:39:57","slug":"un-barca-para-sonar-con-todo-devora-al-benfica","status":"publish","type":"post","link":"https:\/\/trayectoriadeportiva.com\/index.php\/2025\/03\/11\/un-barca-para-sonar-con-todo-devora-al-benfica\/","title":{"rendered":"Un Bar\u00e7a para so\u00f1ar con todo devora al Benfica"},"content":{"rendered":"<p>Un Bar\u00e7a para so\u00f1ar con todo ya est\u00e1 en cuartos de final de la Champions, por segundo a\u00f1o consecutivo. Con justicia y con brillo porque result\u00f3 realmente maravilloso. Una delicia para la vista. Una gozada. El Barcelona ten\u00eda ganas de f\u00fatbol tras la suspensi\u00f3n del encuentro del s\u00e1bado por la muerte del doctor Carles Mi\u00f1arro y le dedic\u00f3 a su memoria un triunfo fant\u00e1stico. El equipo de Hansi Flick quer\u00eda no solo vencer y superar la eliminatoria sino mostrar una versi\u00f3n insaciable y devoradora. Lo consigui\u00f3 con una primera mitad celestial y ahora espera conocer a su siguiente rival europeo, que saldr\u00e1 del encuentro Lille-Borussia Dortmund de este mi\u00e9rcoles.<\/p>\n<p><a href=\"https:\/\/www.lavanguardia.com\/deportes\/fc-barcelona\/20250311\/10467879\/barca-sonar-devora-benfica.html\">Seguir leyendo&#8230;<\/a><\/p>","protected":false},"excerpt":{"rendered":"<p>Un Bar\u00e7a para so\u00f1ar con todo ya est\u00e1 en cuartos de final de la Champions, por segundo a\u00f1o consecutivo. Con justicia y con brillo porque result\u00f3 realmente maravilloso. Una delicia para la vista. Una gozada. El Barcelona ten\u00eda ganas de f\u00fatbol tras la suspensi\u00f3n del encuentro del s\u00e1bado por la muerte del doctor Carles Mi\u00f1arro [&hellip;]<\/p>\n","protected":false},"author":1,"featured_media":26426,"comment_status":"","ping_status":"","sticky":false,"template":"","format":"standard","meta":{"_et_pb_use_builder":"","_et_pb_old_content":"","_et_gb_content_width":"","footnotes":""},"categories":[1],"tags":[],"class_list":["post-26425","post","type-post","status-publish","format-standard","has-post-thumbnail","hentry","category-blog","et-has-post-format-content","et_post_format-et-post-format-standard"],"_links":{"self":[{"href":"https:\/\/trayectoriadeportiva.com\/index.php\/wp-json\/wp\/v2\/posts\/26425","targetHints":{"allow":["GET"]}}],"collection":[{"href":"https:\/\/trayectoriadeportiva.com\/index.php\/wp-json\/wp\/v2\/posts"}],"about":[{"href":"https:\/\/trayectoriadeportiva.com\/index.php\/wp-json\/wp\/v2\/types\/post"}],"author":[{"embeddable":true,"href":"https:\/\/trayectoriadeportiva.com\/index.php\/wp-json\/wp\/v2\/users\/1"}],"replies":[{"embeddable":true,"href":"https:\/\/trayectoriadeportiva.com\/index.php\/wp-json\/wp\/v2\/comments?post=26425"}],"version-history":[{"count":0,"href":"https:\/\/trayectoriadeportiva.com\/index.php\/wp-json\/wp\/v2\/posts\/26425\/revisions"}],"wp:featuredmedia":[{"embeddable":true,"href":"https:\/\/trayectoriadeportiva.com\/index.php\/wp-json\/wp\/v2\/media\/26426"}],"wp:attachment":[{"href":"https:\/\/trayectoriadeportiva.com\/index.php\/wp-json\/wp\/v2\/media?parent=26425"}],"wp:term":[{"taxonomy":"category","embeddable":true,"href":"https:\/\/trayectoriadeportiva.com\/index.php\/wp-json\/wp\/v2\/categories?post=26425"},{"taxonomy":"post_tag","embeddable":true,"href":"https:\/\/trayectoriadeportiva.com\/index.php\/wp-json\/wp\/v2\/tags?post=26425"}],"curies":[{"name":"wp","href":"https:\/\/api.w.org\/{rel}","templated":true}]}}