{"id":26757,"date":"2025-03-19T05:00:00","date_gmt":"2025-03-19T05:00:00","guid":{"rendered":"https:\/\/trayectoriadeportiva.com\/index.php\/2025\/03\/19\/barca-wolfsburgo-y-ewa-pajor-reencuentros-con-el-pasado\/"},"modified":"2025-03-19T05:00:00","modified_gmt":"2025-03-19T05:00:00","slug":"barca-wolfsburgo-y-ewa-pajor-reencuentros-con-el-pasado","status":"publish","type":"post","link":"https:\/\/trayectoriadeportiva.com\/index.php\/2025\/03\/19\/barca-wolfsburgo-y-ewa-pajor-reencuentros-con-el-pasado\/","title":{"rendered":"Bar\u00e7a, Wolfsburgo y Ewa Pajor: Reencuentros con el pasado"},"content":{"rendered":"<p>Despu\u00e9s de los entrenamientos es habitual ver a Ewa Pajor (28) practicar el<i> grounding <\/i>. Es decir, camina descalza sobre la hierba para relajarse. Muchas veces lo hace escuchando m\u00fasica de su Polonia natal. Le gusta estar conectada a su pa\u00eds. Pero tambi\u00e9n a su nueva vida en Barcelona, ciudad en la que aterriz\u00f3 el pasado verano tras nueve a\u00f1os en el Wolfsburgo. Hoy, por primera vez, Pajor se reencontrar\u00e1 con su exequipo en los cuartos de final de la Champions, su gran asignatura pendiente. En Alemania, fue subcampeona cuatro veces. Pero no logr\u00f3 ganarla. \u201cSer\u00e1 un partido muy especial. Jugu\u00e9 aqu\u00ed nueve a\u00f1os. Dar\u00e9 el 100% por el Barcelona, el Wolfsburgo juega muy agresivo\u201d, avisaba ayer la polaca.<\/p>\n<p><a href=\"https:\/\/www.lavanguardia.com\/deportes\/fc-barcelona\/20250319\/10494021\/barca-wolfsburgo-ewa-pajor-reencuentros-pasado.html\">Seguir leyendo&#8230;<\/a><\/p>","protected":false},"excerpt":{"rendered":"<p>Despu\u00e9s de los entrenamientos es habitual ver a Ewa Pajor (28) practicar el grounding . Es decir, camina descalza sobre la hierba para relajarse. Muchas veces lo hace escuchando m\u00fasica de su Polonia natal. Le gusta estar conectada a su pa\u00eds. Pero tambi\u00e9n a su nueva vida en Barcelona, ciudad en la que aterriz\u00f3 el [&hellip;]<\/p>\n","protected":false},"author":1,"featured_media":26758,"comment_status":"","ping_status":"","sticky":false,"template":"","format":"standard","meta":{"_et_pb_use_builder":"","_et_pb_old_content":"","_et_gb_content_width":"","footnotes":""},"categories":[1],"tags":[],"class_list":["post-26757","post","type-post","status-publish","format-standard","has-post-thumbnail","hentry","category-blog","et-has-post-format-content","et_post_format-et-post-format-standard"],"_links":{"self":[{"href":"https:\/\/trayectoriadeportiva.com\/index.php\/wp-json\/wp\/v2\/posts\/26757","targetHints":{"allow":["GET"]}}],"collection":[{"href":"https:\/\/trayectoriadeportiva.com\/index.php\/wp-json\/wp\/v2\/posts"}],"about":[{"href":"https:\/\/trayectoriadeportiva.com\/index.php\/wp-json\/wp\/v2\/types\/post"}],"author":[{"embeddable":true,"href":"https:\/\/trayectoriadeportiva.com\/index.php\/wp-json\/wp\/v2\/users\/1"}],"replies":[{"embeddable":true,"href":"https:\/\/trayectoriadeportiva.com\/index.php\/wp-json\/wp\/v2\/comments?post=26757"}],"version-history":[{"count":0,"href":"https:\/\/trayectoriadeportiva.com\/index.php\/wp-json\/wp\/v2\/posts\/26757\/revisions"}],"wp:featuredmedia":[{"embeddable":true,"href":"https:\/\/trayectoriadeportiva.com\/index.php\/wp-json\/wp\/v2\/media\/26758"}],"wp:attachment":[{"href":"https:\/\/trayectoriadeportiva.com\/index.php\/wp-json\/wp\/v2\/media?parent=26757"}],"wp:term":[{"taxonomy":"category","embeddable":true,"href":"https:\/\/trayectoriadeportiva.com\/index.php\/wp-json\/wp\/v2\/categories?post=26757"},{"taxonomy":"post_tag","embeddable":true,"href":"https:\/\/trayectoriadeportiva.com\/index.php\/wp-json\/wp\/v2\/tags?post=26757"}],"curies":[{"name":"wp","href":"https:\/\/api.w.org\/{rel}","templated":true}]}}