{"id":2679,"date":"2023-11-13T18:22:17","date_gmt":"2023-11-13T18:22:17","guid":{"rendered":"https:\/\/trayectoriadeportiva.com\/index.php\/2023\/11\/13\/lewandowski-lo-que-paso-con-lamine-yamal-fue-un-accidente\/"},"modified":"2023-11-13T18:22:17","modified_gmt":"2023-11-13T18:22:17","slug":"lewandowski-lo-que-paso-con-lamine-yamal-fue-un-accidente","status":"publish","type":"post","link":"https:\/\/trayectoriadeportiva.com\/index.php\/2023\/11\/13\/lewandowski-lo-que-paso-con-lamine-yamal-fue-un-accidente\/","title":{"rendered":"Lewandowski: &#8220;Lo que pas\u00f3 con Lamine Yamal fue un accidente&#8221;"},"content":{"rendered":"<p>Robert Lewandowski (35 a\u00f1os) ha sido protagonista, junto a Lamine Yamal, de una de las acciones m\u00e1s comentadas del fin de semana en el partido frente al Alav\u00e9s. <a href=\"https:\/\/www.lavanguardia.com\/deportes\/futbol\/20231113\/9373130\/lewandowski-lamine-yamal-saludo-barcelona-alaves.html\">Las c\u00e1maras de televisi\u00f3n captaron el momento donde el polaco neg\u00f3 un saludo a Lamine Yamal, justo despu\u00e9s de que el joven canterano, de 16 a\u00f1os, finalizase una jugada en solitario. Eso provoc\u00f3 el enfado de Lewandowski que le recrimin\u00f3 que no le pasara el bal\u00f3n.<\/a><\/p>\n<p><a href=\"https:\/\/www.lavanguardia.com\/deportes\/fc-barcelona\/20231113\/9375129\/lewandowski-paso-lamine-accidente-lamine-yamal-alaves-gol-saludo-remontada-barca-futbol-polonia-declaraciones-eurocopa-goles.html\">Seguir leyendo&#8230;<\/a><\/p>","protected":false},"excerpt":{"rendered":"<p>Robert Lewandowski (35 a\u00f1os) ha sido protagonista, junto a Lamine Yamal, de una de las acciones m\u00e1s comentadas del fin de semana en el partido frente al Alav\u00e9s. Las c\u00e1maras de televisi\u00f3n captaron el momento donde el polaco neg\u00f3 un saludo a Lamine Yamal, justo despu\u00e9s de que el joven canterano, de 16 a\u00f1os, finalizase [&hellip;]<\/p>\n","protected":false},"author":0,"featured_media":2680,"comment_status":"","ping_status":"","sticky":false,"template":"","format":"standard","meta":{"_et_pb_use_builder":"","_et_pb_old_content":"","_et_gb_content_width":"","footnotes":""},"categories":[1],"tags":[],"class_list":["post-2679","post","type-post","status-publish","format-standard","has-post-thumbnail","hentry","category-blog","et-has-post-format-content","et_post_format-et-post-format-standard"],"_links":{"self":[{"href":"https:\/\/trayectoriadeportiva.com\/index.php\/wp-json\/wp\/v2\/posts\/2679","targetHints":{"allow":["GET"]}}],"collection":[{"href":"https:\/\/trayectoriadeportiva.com\/index.php\/wp-json\/wp\/v2\/posts"}],"about":[{"href":"https:\/\/trayectoriadeportiva.com\/index.php\/wp-json\/wp\/v2\/types\/post"}],"replies":[{"embeddable":true,"href":"https:\/\/trayectoriadeportiva.com\/index.php\/wp-json\/wp\/v2\/comments?post=2679"}],"version-history":[{"count":0,"href":"https:\/\/trayectoriadeportiva.com\/index.php\/wp-json\/wp\/v2\/posts\/2679\/revisions"}],"wp:featuredmedia":[{"embeddable":true,"href":"https:\/\/trayectoriadeportiva.com\/index.php\/wp-json\/wp\/v2\/media\/2680"}],"wp:attachment":[{"href":"https:\/\/trayectoriadeportiva.com\/index.php\/wp-json\/wp\/v2\/media?parent=2679"}],"wp:term":[{"taxonomy":"category","embeddable":true,"href":"https:\/\/trayectoriadeportiva.com\/index.php\/wp-json\/wp\/v2\/categories?post=2679"},{"taxonomy":"post_tag","embeddable":true,"href":"https:\/\/trayectoriadeportiva.com\/index.php\/wp-json\/wp\/v2\/tags?post=2679"}],"curies":[{"name":"wp","href":"https:\/\/api.w.org\/{rel}","templated":true}]}}